{"id":233216,"date":"2026-07-21T11:47:32","date_gmt":"2026-07-21T11:47:32","guid":{"rendered":"https:\/\/www.europesays.com\/ee\/233216\/"},"modified":"2026-07-21T11:47:32","modified_gmt":"2026-07-21T11:47:32","slug":"haaleta-kellest-saab-kogukonna-hing-2026-vali-oma-lemmik","status":"publish","type":"post","link":"https:\/\/www.europesays.com\/ee\/233216\/","title":{"rendered":"H\u00c4\u00c4LETA | Kellest saab \u201eKogukonna hing 2026\u201c? Vali oma lemmik!"},"content":{"rendered":"<p>V\u00f5itja kuulutame v\u00e4lja 6. augusti Maalehes ja simman toimub v\u00f5itja kodukohas augusti viimasel reedel, 28. augustil.<\/p>\n<p>Konkurss Kogukonna hing on ellu kutsutud 2022. aastal, mil Maaleht t\u00e4histas 35. ilmumisaastat. Kogukondade eestvedajaid tunnustavat konkurssi korraldavad Maaleht ja Coop.<\/p>\n<p>Varasemalt on tiitli v\u00f5itnud Lilia Urb K\u00f5msi k\u00fclast P\u00e4rnumaalt (2022), Kristiina Adamson Suurupi k\u00fclast Harjumaalt (2023), Malle Vissel Kangsti k\u00fclast V\u00f5rumaalt (2024) ja Kersti Juuse Krabulist Ida-Virumaalt (2025).<\/p>\n<p>Kuidas see lugu Sind end tundma pani? Saada <a href=\"https:\/\/maaleht.delfi.ee\/artikkel\/120597848\/haaleta-kellest-saab-kogukonna-hing-2026-vali-oma-lemmik\/kommentaarid\" class=\"article-body-bottom__comment article-body-bottom__comment--write button button--primary button--size-auto\" rel=\"nofollow noopener\" target=\"_blank\"> Kommenteeri <\/a><a href=\"https:\/\/maaleht.delfi.ee\/artikkel\/120597848\/haaleta-kellest-saab-kogukonna-hing-2026-vali-oma-lemmik\/kommentaarid\" class=\"article-body-bottom__comment article-body-bottom__comment--read button button--size-auto\" rel=\"nofollow noopener\" target=\"_blank\"> Loe kommentaare (2)<\/a><\/p>\n","protected":false},"excerpt":{"rendered":"V\u00f5itja kuulutame v\u00e4lja 6. augusti Maalehes ja simman toimub v\u00f5itja kodukohas augusti viimasel reedel, 28. augustil. Konkurss Kogukonna&hellip;\n","protected":false},"author":2,"featured_media":233217,"comment_status":"","ping_status":"","sticky":false,"template":"","format":"standard","meta":{"footnotes":"","_share_on_mastodon":"0"},"categories":[5],"tags":[26,27,5639,37,33,35,34,36,31,32,21,82650,28,29,27816,19,25,23,24,22,20,30],"class_list":["post-233216","post","type-post","status-publish","format-standard","has-post-thumbnail","category-uldised-uudised","tag-breaking-news","tag-breakingnews","tag-coop","tag-ee","tag-eesti","tag-eesti-keel","tag-estonia","tag-estonian","tag-featured-news","tag-featurednews","tag-headlines","tag-kogukonna-hing","tag-latest-news","tag-latestnews","tag-maaleht","tag-news","tag-populaarseimad-lood","tag-top-stories","tag-topstories","tag-uldised-uudised","tag-uudised","tag-viimased-uudised"],"share_on_mastodon":{"url":"https:\/\/pubeurope.com\/@ee\/116957809313134890","error":""},"_links":{"self":[{"href":"https:\/\/www.europesays.com\/ee\/wp-json\/wp\/v2\/posts\/233216","targetHints":{"allow":["GET"]}}],"collection":[{"href":"https:\/\/www.europesays.com\/ee\/wp-json\/wp\/v2\/posts"}],"about":[{"href":"https:\/\/www.europesays.com\/ee\/wp-json\/wp\/v2\/types\/post"}],"author":[{"embeddable":true,"href":"https:\/\/www.europesays.com\/ee\/wp-json\/wp\/v2\/users\/2"}],"replies":[{"embeddable":true,"href":"https:\/\/www.europesays.com\/ee\/wp-json\/wp\/v2\/comments?post=233216"}],"version-history":[{"count":0,"href":"https:\/\/www.europesays.com\/ee\/wp-json\/wp\/v2\/posts\/233216\/revisions"}],"wp:featuredmedia":[{"embeddable":true,"href":"https:\/\/www.europesays.com\/ee\/wp-json\/wp\/v2\/media\/233217"}],"wp:attachment":[{"href":"https:\/\/www.europesays.com\/ee\/wp-json\/wp\/v2\/media?parent=233216"}],"wp:term":[{"taxonomy":"category","embeddable":true,"href":"https:\/\/www.europesays.com\/ee\/wp-json\/wp\/v2\/categories?post=233216"},{"taxonomy":"post_tag","embeddable":true,"href":"https:\/\/www.europesays.com\/ee\/wp-json\/wp\/v2\/tags?post=233216"}],"curies":[{"name":"wp","href":"https:\/\/api.w.org\/{rel}","templated":true}]}}