{"id":233266,"date":"2026-07-21T12:48:10","date_gmt":"2026-07-21T12:48:10","guid":{"rendered":"https:\/\/www.europesays.com\/ee\/233266\/"},"modified":"2026-07-21T12:48:10","modified_gmt":"2026-07-21T12:48:10","slug":"ilmatark-ilus-ilm-voib-naasta-juba-puhapaeval","status":"publish","type":"post","link":"https:\/\/www.europesays.com\/ee\/233266\/","title":{"rendered":"Ilmatark: Ilus ilm v\u00f5ib naasta juba p\u00fchap\u00e4eval"},"content":{"rendered":"<p>Lisaks on ilmatarga s\u00f5nul oodata ilusat s\u00fcgist. \u201eK\u00e4od kukkusid t\u00e4navu seitsmevennap\u00e4evani v\u00e4lja. See n\u00e4itab, et s\u00fcgis tuleb soe ja pikk,\u201c selgitab ta.<\/p>\n<p>Heina s\u00f5nul peabki ilmataat vahepeal vingerpussi m\u00e4ngima. \u201eMuidu harjuvad inimesed liiga \u00e4ra, aga kui vanataat neid natuke ehmatab, siis on asi palju parem,\u201c s\u00f5nab Hein.<\/p>\n<p>Kuidas see lugu Sind end tundma pani? Saada <a href=\"https:\/\/maaleht.delfi.ee\/artikkel\/120598674\/ilus-ilm-voib-naaseda-juba-puhapaeval\/kommentaarid\" class=\"article-body-bottom__comment article-body-bottom__comment--write button button--primary button--size-auto\" rel=\"nofollow noopener\" target=\"_blank\"> Kommenteeri <\/a><a href=\"https:\/\/maaleht.delfi.ee\/artikkel\/120598674\/ilus-ilm-voib-naaseda-juba-puhapaeval\/kommentaarid\" class=\"article-body-bottom__comment article-body-bottom__comment--read button button--size-auto\" rel=\"nofollow noopener\" target=\"_blank\"> Loe kommentaare (6)<\/a><\/p>\n","protected":false},"excerpt":{"rendered":"Lisaks on ilmatarga s\u00f5nul oodata ilusat s\u00fcgist. \u201eK\u00e4od kukkusid t\u00e4navu seitsmevennap\u00e4evani v\u00e4lja. See n\u00e4itab, et s\u00fcgis tuleb soe&hellip;\n","protected":false},"author":2,"featured_media":233267,"comment_status":"","ping_status":"","sticky":false,"template":"","format":"standard","meta":{"footnotes":"","_share_on_mastodon":"0"},"categories":[16],"tags":[37,33,35,173,34,36,668,93257,3963,140],"class_list":["post-233266","post","type-post","status-publish","format-standard","has-post-thumbnail","category-meelelahutus","tag-ee","tag-eesti","tag-eesti-keel","tag-entertainment","tag-estonia","tag-estonian","tag-ilm","tag-ilmatark","tag-ilmateade","tag-meelelahutus"],"share_on_mastodon":{"url":"https:\/\/pubeurope.com\/@ee\/116958049557166377","error":""},"_links":{"self":[{"href":"https:\/\/www.europesays.com\/ee\/wp-json\/wp\/v2\/posts\/233266","targetHints":{"allow":["GET"]}}],"collection":[{"href":"https:\/\/www.europesays.com\/ee\/wp-json\/wp\/v2\/posts"}],"about":[{"href":"https:\/\/www.europesays.com\/ee\/wp-json\/wp\/v2\/types\/post"}],"author":[{"embeddable":true,"href":"https:\/\/www.europesays.com\/ee\/wp-json\/wp\/v2\/users\/2"}],"replies":[{"embeddable":true,"href":"https:\/\/www.europesays.com\/ee\/wp-json\/wp\/v2\/comments?post=233266"}],"version-history":[{"count":0,"href":"https:\/\/www.europesays.com\/ee\/wp-json\/wp\/v2\/posts\/233266\/revisions"}],"wp:featuredmedia":[{"embeddable":true,"href":"https:\/\/www.europesays.com\/ee\/wp-json\/wp\/v2\/media\/233267"}],"wp:attachment":[{"href":"https:\/\/www.europesays.com\/ee\/wp-json\/wp\/v2\/media?parent=233266"}],"wp:term":[{"taxonomy":"category","embeddable":true,"href":"https:\/\/www.europesays.com\/ee\/wp-json\/wp\/v2\/categories?post=233266"},{"taxonomy":"post_tag","embeddable":true,"href":"https:\/\/www.europesays.com\/ee\/wp-json\/wp\/v2\/tags?post=233266"}],"curies":[{"name":"wp","href":"https:\/\/api.w.org\/{rel}","templated":true}]}}