{"id":233268,"date":"2026-07-21T12:49:09","date_gmt":"2026-07-21T12:49:09","guid":{"rendered":"https:\/\/www.europesays.com\/ee\/233268\/"},"modified":"2026-07-21T12:49:09","modified_gmt":"2026-07-21T12:49:09","slug":"lehis-ja-eesti-epeekoondised-alustavad-mm-i-vehklemine","status":"publish","type":"post","link":"https:\/\/www.europesays.com\/ee\/233268\/","title":{"rendered":"Lehis ja Eesti epeekoondised alustavad MM-i | Vehklemine"},"content":{"rendered":"<p>Hongkongis algavad vehklemise maailmameistriv\u00f5istlused, kus Eesti on esindatud nii naiste kui meeste epees. Individuaalturniiril kuulub maailma edetabeli liider Katrina Lehis peamiste medalipretendentide hulka.<\/p>\n<p>22.\u201330. juulini peetavad maailmameistriv\u00f5istlused toimuvad Hongkongis esimest korda. Tiitliv\u00f5istlustel osaleb \u00fcle tuhande sportlase enam kui sajast riigist ning maailmameistrid selgitatakse nii individuaal- kui ka v\u00f5istkonnav\u00f5istlustel.<\/p>\n<p>Eesti naiskonda kuuluvad Katrina Lehis, Irina Embrich, Julia Beljajeva ja Veronika Zuikova. Maailma edetabelis esimene Lehis alustab v\u00f5istlust otse 64 parema seas, Embrich, Beljajeva ja Zuikova peavad p\u00f5hiturniirile p\u00e4\u00e4semiseks l\u00e4bima kolmap\u00e4evase kvalifikatsiooni.<\/p>\n<p>Naiskonna peatreener Nikolai Novosjolov \u00fctles enne MM-i algust, et ettevalmistus on kulgenud plaanip\u00e4raselt.<\/p>\n<p>&#8220;V\u00f5istlustingimused on v\u00e4ga head ning k\u00f5ik vajalik edukaks ettevalmistuseks on olemas. T\u00e4naseks on t\u00f6\u00f6 tehtud ja n\u00fc\u00fcd on aeg v\u00f5istlema minna. Meie suurim tugevus on naiskonna liikmed ise \u2013 usun, et nad on valmis oma taset n\u00e4itama,&#8221; s\u00f5nas Novosjolov.<\/p>\n<p>Meeste epeekoondisesse kuuluvad Sten Priinits, Kasper Tafenau, Oliver Laasik ja Markus Salm. K\u00f5ik neli eestlast alustavad neljap\u00e4eval individuaalv\u00f5istlust kvalifikatsiooniturniirilt.<\/p>\n<p>Priinitsa s\u00f5nul on meeskond saanud enne MM-i teha kvaliteetse ettevalmistuse.<\/p>\n<p>&#8220;Ettevalmistus on kulgenud sujuvalt ning tunne enne maailmameistriv\u00f5istluste algust on hea. Oleme saanud teha kvaliteetseid treeninguid ja sparringuid eri riikide sportlastega. Usun, et kogu meeskond on valmis andma endast 100 protsenti,&#8221; \u00fctles ta.<\/p>\n<p>Naiste individuaalturniir peetakse 22.\u201325. juulini ning v\u00f5istkondlik v\u00f5istlus 28. juulil. Meeste individuaalturniir toimub 23.\u201326. juulini ja v\u00f5istkondlik turniir p\u00e4ev hiljem, 29. juulil.<\/p>\n","protected":false},"excerpt":{"rendered":"Hongkongis algavad vehklemise maailmameistriv\u00f5istlused, kus Eesti on esindatud nii naiste kui meeste epees. Individuaalturniiril kuulub maailma edetabeli liider&hellip;\n","protected":false},"author":2,"featured_media":233269,"comment_status":"","ping_status":"","sticky":false,"template":"","format":"standard","meta":{"footnotes":"","_share_on_mastodon":"0"},"categories":[18],"tags":[37,33,35,93258,41185,34,36,6345,159,158],"class_list":["post-233268","post","type-post","status-publish","format-standard","has-post-thumbnail","category-sport","tag-ee","tag-eesti","tag-eesti-keel","tag-eesti-meeste-epeekoondis","tag-eesti-naiste-epeekoondis","tag-estonia","tag-estonian","tag-katrina-lehis","tag-sport","tag-sports"],"share_on_mastodon":{"url":"https:\/\/pubeurope.com\/@ee\/116958053325652500","error":""},"_links":{"self":[{"href":"https:\/\/www.europesays.com\/ee\/wp-json\/wp\/v2\/posts\/233268","targetHints":{"allow":["GET"]}}],"collection":[{"href":"https:\/\/www.europesays.com\/ee\/wp-json\/wp\/v2\/posts"}],"about":[{"href":"https:\/\/www.europesays.com\/ee\/wp-json\/wp\/v2\/types\/post"}],"author":[{"embeddable":true,"href":"https:\/\/www.europesays.com\/ee\/wp-json\/wp\/v2\/users\/2"}],"replies":[{"embeddable":true,"href":"https:\/\/www.europesays.com\/ee\/wp-json\/wp\/v2\/comments?post=233268"}],"version-history":[{"count":0,"href":"https:\/\/www.europesays.com\/ee\/wp-json\/wp\/v2\/posts\/233268\/revisions"}],"wp:featuredmedia":[{"embeddable":true,"href":"https:\/\/www.europesays.com\/ee\/wp-json\/wp\/v2\/media\/233269"}],"wp:attachment":[{"href":"https:\/\/www.europesays.com\/ee\/wp-json\/wp\/v2\/media?parent=233268"}],"wp:term":[{"taxonomy":"category","embeddable":true,"href":"https:\/\/www.europesays.com\/ee\/wp-json\/wp\/v2\/categories?post=233268"},{"taxonomy":"post_tag","embeddable":true,"href":"https:\/\/www.europesays.com\/ee\/wp-json\/wp\/v2\/tags?post=233268"}],"curies":[{"name":"wp","href":"https:\/\/api.w.org\/{rel}","templated":true}]}}