{"id":233290,"date":"2026-07-21T13:14:26","date_gmt":"2026-07-21T13:14:26","guid":{"rendered":"https:\/\/www.europesays.com\/ee\/233290\/"},"modified":"2026-07-21T13:14:26","modified_gmt":"2026-07-21T13:14:26","slug":"kultuur-%e2%9f%a9-kontsertlavastus-randab-labi-eesti-rahvapillide-loo-postimees","status":"publish","type":"post","link":"https:\/\/www.europesays.com\/ee\/233290\/","title":{"rendered":"KULTUUR \u27e9 Kontsertlavastus r\u00e4ndab l\u00e4bi Eesti rahvapillide loo &#8211; Postimees"},"content":{"rendered":"<ol>\n<li><a href=\"https:\/\/news.google.com\/rss\/articles\/CBMimwFBVV95cUxPZjFmVWswQTVwMmc3eDA5amFMbmhPRFc5UVdGd0JOSThyRDJHeTBYRHJUSDcyeHhEam4xczM4bGlaYlBHb1M0OTZ3ZzBON0l1UnR0QmNjNG9BVllxeHVCOGdTS1R2RFZDYlFmUk8ydGh6cVhYb2U4MVl2VjVIb3BJcnhwMENXckpaLWpZWU9ISTBDOE9jaW43bmtraw?oc=5\" target=\"_blank\" rel=\"nofollow noopener\">KULTUUR \u27e9 Kontsertlavastus r\u00e4ndab l\u00e4bi Eesti rahvapillide loo<\/a>&nbsp;&nbsp;Postimees<\/li>\n<li><a href=\"https:\/\/news.google.com\/rss\/articles\/CBMixAFBVV95cUxPckhWMVRSZ2hWSWNBRUZybkc3bDQ0QXpiTmpkMUpGYzMyR25MczdLZkhxTlQtcjB1ckxMX1N0Nk1jMEl6NTVWRnNRQThLYWg0MWlnZzlST2Jjc0h5WV9qYWtSdG5EMVh6VWJvcnl5QzZyalpjdWdrZVRoX2prRnoyQ244OUdQWVNFaWd1WkRCWngtOFR4c2hVQU1peHhLTXNLTkgwd00yUUtlTjhmTWZYdlhfcVV5WUNHX01VNzRHWE1Cenc1?oc=5\" target=\"_blank\" rel=\"nofollow noopener\">Tarmo Noormaa: v\u00f5rdlus teiste rahvaste muusikaga aitab tugevdada meie muusikalist identiteeti<\/a>&nbsp;&nbsp;ERR<\/li>\n<li><a href=\"https:\/\/news.google.com\/rss\/articles\/CBMiZkFVX3lxTE9QdWNiT2pIVjVJY0pmSzdScHkySzlNeTNtSXg0SG1uQUg4SThlTE90MEZtZG1MUk9EZTA5dnRWOW5qd3BUcW90elZEQjJITFRjWS1NdUxzdHlqenZqM3lRN0N1RzRBUQ?oc=5\" target=\"_blank\" rel=\"nofollow noopener\">VILJANDI P\u00c4RIMUSMUUSIKA FESTIVALI AVAP\u00c4EVAL J\u00d5UAB LAVALE EESTI RAHVAPILLIDE LUGU<\/a>&nbsp;&nbsp;MuusikaPlaneet &#8211;<\/li>\n<li><a href=\"https:\/\/news.google.com\/rss\/articles\/CBMiqgFBVV95cUxPX1JFOFFHVFJWZmtGT0RGLUZ6SGJaX2p3WDFsamRITnpkWUpfeU1mMnVQZEpQSjRrSXNqTzA1RDZaOGFnRmJHMk9Wc3VON3Uxekxodk0yVmtpYjI2c1Zrd0xEMUNOb0JSZ2FWMG5QaDBLSTRMNkV5N1VwSmtld0xvaFEwZ1B0UThSM0JtZUlMS1NjU2pEVVFrcTJ5MGFMT2NMbE0zMzJSblNLZw?oc=5\" target=\"_blank\" rel=\"nofollow noopener\">Lavastaja Lee Taul: rahvapillide \u00fcmber leidub hulgaliselt v\u00e4rvikaid lugusid<\/a>&nbsp;&nbsp;eeter | ERR<\/li>\n<\/ol>\n","protected":false},"excerpt":{"rendered":"KULTUUR \u27e9 Kontsertlavastus r\u00e4ndab l\u00e4bi Eesti rahvapillide loo&nbsp;&nbsp;Postimees Tarmo Noormaa: v\u00f5rdlus teiste rahvaste muusikaga aitab tugevdada meie muusikalist&hellip;\n","protected":false},"author":2,"featured_media":233291,"comment_status":"","ping_status":"","sticky":false,"template":"","format":"standard","meta":{"footnotes":"","_share_on_mastodon":"0"},"categories":[12],"tags":[26,27,37,33,35,34,36,31,32,1780,21,16985,28,29,19,4612,25,23,24,22,20,30],"class_list":["post-233290","post","type-post","status-publish","format-standard","has-post-thumbnail","category-eesti","tag-breaking-news","tag-breakingnews","tag-ee","tag-eesti","tag-eesti-keel","tag-estonia","tag-estonian","tag-featured-news","tag-featurednews","tag-folk","tag-headlines","tag-kontsertlavastus","tag-latest-news","tag-latestnews","tag-news","tag-parimusmuusika-festival","tag-populaarseimad-lood","tag-top-stories","tag-topstories","tag-uldised-uudised","tag-uudised","tag-viimased-uudised"],"share_on_mastodon":{"url":"https:\/\/pubeurope.com\/@ee\/116958151707097919","error":""},"_links":{"self":[{"href":"https:\/\/www.europesays.com\/ee\/wp-json\/wp\/v2\/posts\/233290","targetHints":{"allow":["GET"]}}],"collection":[{"href":"https:\/\/www.europesays.com\/ee\/wp-json\/wp\/v2\/posts"}],"about":[{"href":"https:\/\/www.europesays.com\/ee\/wp-json\/wp\/v2\/types\/post"}],"author":[{"embeddable":true,"href":"https:\/\/www.europesays.com\/ee\/wp-json\/wp\/v2\/users\/2"}],"replies":[{"embeddable":true,"href":"https:\/\/www.europesays.com\/ee\/wp-json\/wp\/v2\/comments?post=233290"}],"version-history":[{"count":0,"href":"https:\/\/www.europesays.com\/ee\/wp-json\/wp\/v2\/posts\/233290\/revisions"}],"wp:featuredmedia":[{"embeddable":true,"href":"https:\/\/www.europesays.com\/ee\/wp-json\/wp\/v2\/media\/233291"}],"wp:attachment":[{"href":"https:\/\/www.europesays.com\/ee\/wp-json\/wp\/v2\/media?parent=233290"}],"wp:term":[{"taxonomy":"category","embeddable":true,"href":"https:\/\/www.europesays.com\/ee\/wp-json\/wp\/v2\/categories?post=233290"},{"taxonomy":"post_tag","embeddable":true,"href":"https:\/\/www.europesays.com\/ee\/wp-json\/wp\/v2\/tags?post=233290"}],"curies":[{"name":"wp","href":"https:\/\/api.w.org\/{rel}","templated":true}]}}