{"id":233309,"date":"2026-07-21T13:36:19","date_gmt":"2026-07-21T13:36:19","guid":{"rendered":"https:\/\/www.europesays.com\/ee\/233309\/"},"modified":"2026-07-21T13:36:19","modified_gmt":"2026-07-21T13:36:19","slug":"heategevusliku-jalgpallimanguga-koguti-eesti-vahihaigete-laste-vanemate-liidule-ule-6000-euro","status":"publish","type":"post","link":"https:\/\/www.europesays.com\/ee\/233309\/","title":{"rendered":"Heategevusliku jalgpallim\u00e4nguga koguti Eesti V\u00e4hihaigete Laste Vanemate Liidule \u00fcle 6000 euro"},"content":{"rendered":"<p>14. juulil Tartus Holm Jalgpallipargis toimunud heategevuslikul jalgpallim\u00e4ngul kohtusid WRC Delfi <a rel=\"noopener nofollow\" target=\"_blank\" href=\"https:\/\/www.delfi.ee\/teema\/66308802\/rally-estonia\" tag-id=\"66308802\">Rally Estonia<\/a> ja Tartu linna v\u00f5istkonnad. Lisaks eespool nimetatutele oli m\u00e4ngu korraldajaks ka <a rel=\"noopener nofollow\" target=\"_blank\" href=\"https:\/\/www.delfi.ee\/teema\/64965590\/tartu-jk-welco\" tag-id=\"64965590\">Tartu JK Welco<\/a>, kelle kodustaadionil m\u00e4ng toimus. M\u00e4ng oli publikule tasuta ning kohapeal m\u00fc\u00fcdi loosipileteid, mille tulu l\u00e4ks t\u00e4ielikult heategevuseks. Sellega koguti Eesti V\u00e4hihaigete Laste Vanemate Liidule 6010 eurot.<\/p>\n<p>M\u00f5lema v\u00f5istkonna koosseis oli muljetavaldav. Platsil olid meelelahutajad, muusikud, sportlased ja avaliku elu tegelased. M\u00e4ng l\u00f5ppes normaalaja j\u00e4rel viigiga 2 : 2 ning penaltitega v\u00f5itis kohtumise Tartu linna v\u00f5istkond.<\/p>\n<p>Luive Merilai, Eesti V\u00e4hihaigete Laste Vanemate Liidu juhatuse liige:<\/p>\n<p>\u201eHeategevusliku jalgpallim\u00e4ngu k\u00f5ige n\u00e4htavam tulemus on muidugi rahaline toetus. Ilma selleta ei saaks <a rel=\"noopener nofollow\" target=\"_blank\" href=\"https:\/\/www.delfi.ee\/teema\/70462123\/eesti-vahihaigete-laste-vanemate-liit\" tag-id=\"70462123\">Eesti V\u00e4hihaigete Laste Vanemate Liit<\/a> pakkuda abi ja tuge v\u00e4hidiagnoosiga lastele ning nende peredele. Kuid selle raha taga on veel \u00fcks v\u00e4ga oluline v\u00e4\u00e4rtus \u2013 emotsionaalne tugi.<\/p>\n<p>Lastele ja noortele, kes viibivad haiglas v\u00f5i on ravi t\u00f5ttu koduses isolatsioonis, ning nende peredele t\u00e4hendab teadmine, et inimesed tulevad \u00e4gedaks jalgpallim\u00e4nguks kokku nende lootuse, tervenemise ja elu nimel, palju enamat kui lihtsalt \u00fcks \u00fcritus. See oli hoolimise ja hoidmise \u00f5htu. See on nagu v\u00f5\u00f5ra inimese s\u00f5bralik paitus \u00f5lal, vaikse ja t\u00e4hendusrikka sosinaga: \u201eMe m\u00f5tleme teie peale. Me tuleme appi.<\/p>\n<p>Oli v\u00e4ga liigutav n\u00e4ha v\u00e4ljakul m\u00e4ngijaid Eesti V\u00e4hihaigete Laste Vanemate Liidu logoga s\u00e4rkides. See oli n\u00e4htav kinnitus, et sellesse ettev\u00f5tmisse oli panustatud s\u00fcdamega.<\/p>\n<p>S\u00fcgav kummardus kuulub ka k\u00f5igile korraldajatele ja pealtvaatajatele, kes tulid sel kaunil suve\u00f5htul kokku, et kinkida oma aega, t\u00e4helepanu ja toetust lastele, kellega nad v\u00f5ib-olla mitte kunagi ei kohtu.<\/p>\n<p>Just seda meie v\u00e4hihaiged lapsed, teismelised ja nende pered k\u00f5ige enam vajavadki \u2013 teadmist, et nad ei ole oma karmil raviteekonnal \u00fcksi. Et nende k\u00f5rval on inimesed, kes hoolivad, m\u00e4rkavad ja aitavad ka liidul aidata. Sellised algatused annavad lisaks rahalisele abile ka lootust, j\u00f5udu ja usku, et koos on v\u00f5imalik hoida iga lapse homset.\u201c<\/p>\n<p>Tartu linna kultuuriosakonna juhataja Sten Svetljakovi s\u00f5nul \u00fcletas m\u00e4ng nii korraldajate kui ka pealtvaatajate ootusi. \u201eJalgpallim\u00e4ng pakkus rohkem p\u00f5nevust, kui enne avavilet osanuks arvata. Emotsioone jagus viimaste minutite ja penaltiseeriani ning sama muljetavaldav oli vaatepilt trib\u00fc\u00fcnidel, kuhu kogunes \u00fcle 1500 inimese. See n\u00e4itab h\u00e4sti Tartu vaimu \u2013 kui on v\u00f5imalus teha midagi head, tulevad meie kultuuri- ja spordiinimesed alati kokku. Heategevus ei t\u00e4henda ainult annetusi, vaid ka kogukonnatunnet, hoolimist ja valmisolekut \u00fcksteist toetada,\u201c s\u00f5nas Svetljakov. \u201eT\u00e4nu m\u00e4ngijatele, koost\u00f6\u00f6partneritele ja pealtvaatajatele saime \u00fcheskoos teha midagi olulist. Ait\u00e4h k\u00f5igile, kes selle \u00f5htu v\u00f5imalikuks tegid. Loodetavasti kujuneb sellest ka \u00fcks Tartu suviseid heategevustraditsioone,\u201c lisas ta.<\/p>\n<p>WRC Delfi Rally Estonia tegevjuhi Janno Siitani s\u00f5nul on oluline, et ralliga kaasnevat t\u00e4helepanu saab kasutada enamaks kui sport. \u201eRally Estonia n\u00e4ol on olemas platvorm, mis p\u00fc\u00fcab t\u00e4helepanu ja meil oli v\u00e4ga hea meel olla osa sellest heategevusprojektist. Meie eesm\u00e4rk on olnud alati olla enamat kui ralli ja vaatamata kiirele rallin\u00e4dalale oli meile kohe selge, et selle jalgpallim\u00e4nguga tahame kaasas olla ja panustasime sellesse nagu igasse oma teise tegevusse. Oleme kogukonna tunnet Tartus ka varem tundnud ja see aasta oli see l\u00e4bi selle m\u00e4ngu eriti tugev. See s\u00fcnergia, mis tekkis Tartu linna, Welco ja meie vahel, oli v\u00f5imas, me suutsime \u00fcheskoos luua s\u00fcndmuse, mis k\u00f5netas inimesi. Rally Estonia on Tartu \u00fcks suureimaid s\u00fcndmusi ja me tahame alati kogukonnale ka midagi tagasi anda. See oli \u00e4\u00e4rmiselt soe, s\u00fcdamlik ja l\u00f5bus \u00f5htupoolik, millega saime anda oma panuse Eesti V\u00e4hihaigete Laste Vanemate Liidu tegevusse. Kogutud raha on \u00fcks asi, kuid palju olulisem on t\u00e4helepanu, mida see ettev\u00f5tmine p\u00e4lvis ja see ei j\u00e4\u00e4nud Eesti riigi piiresse. Ja see, et suutsime platsile tuua Eesti spordi- ja meelelahutusmaailma suured nimed, see n\u00e4itab, et ka neile oli see oluline. Ait\u00e4h publikule, ait\u00e4h annetajatele, ait\u00e4h m\u00e4ngijatele ja kaaskorraldajatele, see oli v\u00f5imas,\u201c v\u00f5ttis Janno Siitan heategevusliku jalgpallim\u00e4ngu kokku.<\/p>\n<p>Tartu linna meeskonnas astusid v\u00e4ljakule abilinnapead Ulla Preeden ja Martin Bek, linnavalitsuse esindajad Sten Svetljakov ning Veljo Lamp, Tartu \u00dclikool Maks &amp; Mooritsa korvpallimeeskonna spordidirektor Janar Talts ja meeskonna kapten Martin Paasoja, jalgpallitegelased Alo B\u00e4rengrub, Taijo Teniste, Kristjan Tiirik ja Karel Voolaid, Vanemuise teatri n\u00e4itlejad Reimo Sagor, Andres M\u00e4har, Priit Strandberg, Ken R\u00fc\u00fctel ja Kristin Prits, sulgpallur Kristin Kuuba, muusikud Jalmar Vabarna ja Rainer Michelson, Tartumaa Spordiliidu juht ning Eesti rannajalgpallikoondislane Martin Thomson ja luuletaja ja spordientusiast Contra ehk Margus Konnula.<\/p>\n<p>Rally Estonia v\u00f5istkonna ridades olid Eesti \u00fcks l\u00e4bi aegade edukamaid jalgpallureid <a rel=\"noopener nofollow\" target=\"_blank\" href=\"https:\/\/www.delfi.ee\/teema\/24421993\/ragnar-klavan\" tag-id=\"24421993\">Ragnar Klavan<\/a>, muusikud Taavi Immato ja Indrek Raadik, Rally Estonia tegevjuht Janno Siitan, n\u00e4itleja Henrik Kalmet, rallis\u00f5itja Georg Linnam\u00e4e, laskesuusatajad Susan K\u00fclm, Rene Zahkna ja Jakob Kulbin, endine laskesuusataja Kalev Ermits, 46-kordne Eesti jalgpallikoondise v\u00e4ravavaht Mihkel Aksalu ning endine tuntud jalgpallikommentaator Toomas Vara ja paljud teised.<\/p>\n<p>Oma 10. juubelit t\u00e4histanud ansambel 5MIINUST tegutses seekord lausa mitmel rindel. P\u00e4evakoer t\u00f5mbas m\u00e4ngijana Rally Estonia v\u00f5istkonnas putsad jalga ning Kohver oli v\u00f5istkonna treener. Korea ja Lancelot kommenteerisid m\u00e4ngu.<\/p>\n<p>Eesti V\u00e4hihaigete Laste Vanemate Liidule saab annetusi teha ka annetustelefonidele helistades. Helistades numbrile 900 21 50 annetad 5 eurot, numbrile 900 21 10 annetad 10 eurot ning numbrile 900 21 25 annetad 25 eurot.<\/p>\n<p>Heategevusliku jalgpallim\u00e4ngu korraldasid Tartu linn, Rally Estonia ja Tartu JK Welco. S\u00fcndmust toetasid Tartu JK Welco, WRC Delfi Rally Estonia, Tartu linn, Maks ja Moorits, Holm Pank, V Spa, Delfi, T\u00dc Maks ja Moorits korvpalliv\u00f5istkond ja Tartu Sport.<\/p>\n<p><a href=\"http:\/\/sport.delfi.ee\/artikkel\/120597301\/fotod-ja-video-heategevusliku-vutimatsi-voidupenalti-autor-jalmar-vabarna-nuud-saan-aru-mille-eest-neile-makstakse#dalrel-in-article\" class=\"content-embedded-articles-single__embedded-article\" data-v-469265ed=\"\" rel=\"nofollow noopener\" target=\"_blank\"><\/p>\n<p> 15.07.2026 <\/p>\n<p> FOTOD JA VIDEO | Kalmet hindas heategevusliku vutimat\u0161i koefitsiente, Vabarna n\u00e4itas penaltipunktil k\u00fclma n\u00e4rvi <\/p>\n<p><\/a>Kuidas see lugu Sind end tundma pani? Saada <a href=\"https:\/\/sport.delfi.ee\/artikkel\/120598615\/heategevusliku-jalgpallimanguga-koguti-eesti-vahihaigete-laste-vanemate-liidule-ule-6000-euro\/kommentaarid\" class=\"article-body-bottom__comment article-body-bottom__comment--write button button--primary button--size-auto\" rel=\"nofollow noopener\" target=\"_blank\"> Kommenteeri <\/a><a href=\"https:\/\/sport.delfi.ee\/artikkel\/120598615\/heategevusliku-jalgpallimanguga-koguti-eesti-vahihaigete-laste-vanemate-liidule-ule-6000-euro\/kommentaarid\" class=\"article-body-bottom__comment article-body-bottom__comment--read button button--size-auto\" rel=\"nofollow noopener\" target=\"_blank\"> Loe kommentaare (1)<\/a><\/p>\n","protected":false},"excerpt":{"rendered":"14. juulil Tartus Holm Jalgpallipargis toimunud heategevuslikul jalgpallim\u00e4ngul kohtusid WRC Delfi Rally Estonia ja Tartu linna v\u00f5istkonnad. Lisaks&hellip;\n","protected":false},"author":2,"featured_media":233310,"comment_status":"","ping_status":"","sticky":false,"template":"","format":"standard","meta":{"footnotes":"","_share_on_mastodon":"0"},"categories":[12],"tags":[26,27,37,33,35,33576,34,36,31,32,21,2891,172,28,29,19,25,1342,5352,249,1474,23,24,22,20,30],"class_list":["post-233309","post","type-post","status-publish","format-standard","has-post-thumbnail","category-eesti","tag-breaking-news","tag-breakingnews","tag-ee","tag-eesti","tag-eesti-keel","tag-eesti-vahihaigete-laste-vanemate-liit","tag-estonia","tag-estonian","tag-featured-news","tag-featurednews","tag-headlines","tag-heategevus","tag-jalgpall","tag-latest-news","tag-latestnews","tag-news","tag-populaarseimad-lood","tag-ragnar-klavan","tag-rally-estonia","tag-tartu","tag-tartu-jk-welco","tag-top-stories","tag-topstories","tag-uldised-uudised","tag-uudised","tag-viimased-uudised"],"share_on_mastodon":{"url":"https:\/\/pubeurope.com\/@ee\/116958238065843537","error":""},"_links":{"self":[{"href":"https:\/\/www.europesays.com\/ee\/wp-json\/wp\/v2\/posts\/233309","targetHints":{"allow":["GET"]}}],"collection":[{"href":"https:\/\/www.europesays.com\/ee\/wp-json\/wp\/v2\/posts"}],"about":[{"href":"https:\/\/www.europesays.com\/ee\/wp-json\/wp\/v2\/types\/post"}],"author":[{"embeddable":true,"href":"https:\/\/www.europesays.com\/ee\/wp-json\/wp\/v2\/users\/2"}],"replies":[{"embeddable":true,"href":"https:\/\/www.europesays.com\/ee\/wp-json\/wp\/v2\/comments?post=233309"}],"version-history":[{"count":0,"href":"https:\/\/www.europesays.com\/ee\/wp-json\/wp\/v2\/posts\/233309\/revisions"}],"wp:featuredmedia":[{"embeddable":true,"href":"https:\/\/www.europesays.com\/ee\/wp-json\/wp\/v2\/media\/233310"}],"wp:attachment":[{"href":"https:\/\/www.europesays.com\/ee\/wp-json\/wp\/v2\/media?parent=233309"}],"wp:term":[{"taxonomy":"category","embeddable":true,"href":"https:\/\/www.europesays.com\/ee\/wp-json\/wp\/v2\/categories?post=233309"},{"taxonomy":"post_tag","embeddable":true,"href":"https:\/\/www.europesays.com\/ee\/wp-json\/wp\/v2\/tags?post=233309"}],"curies":[{"name":"wp","href":"https:\/\/api.w.org\/{rel}","templated":true}]}}