{"id":233458,"date":"2026-07-21T16:54:17","date_gmt":"2026-07-21T16:54:17","guid":{"rendered":"https:\/\/www.europesays.com\/ee\/233458\/"},"modified":"2026-07-21T16:54:17","modified_gmt":"2026-07-21T16:54:17","slug":"video-omaparane-paasteoperatsioon-parnu-raekula-rannas-jai-hobune-peadpidi-kahe-puu-vahele-kinni","status":"publish","type":"post","link":"https:\/\/www.europesays.com\/ee\/233458\/","title":{"rendered":"VIDEO | Omap\u00e4rane p\u00e4\u00e4steoperatsioon: P\u00e4rnu Raek\u00fcla rannas j\u00e4i hobune peadpidi kahe puu vahele kinni"},"content":{"rendered":"<p>S\u00fcndmuskohale j\u00f5udnud p\u00e4\u00e4stjad hindasid olukorda ning vabastasid <a rel=\"noopener nofollow\" target=\"_blank\" href=\"https:\/\/www.delfi.ee\/teema\/33158635\/loom\" tag-id=\"33158635\">looma<\/a> ettevaatlikult puude vahelt. P\u00e4\u00e4steamet kirjutas sotsiaalmeedias videot jagades, et abistajatele ja kinni j\u00e4\u00e4nud s\u00f5brale elasid kaasa ka teised hobused. P\u00e4\u00e4steoperatsioon l\u00f5ppes edukalt kell 18.57 ning loom sai taas vabalt liikuma. <\/p>\n<p>Kuigi hobused on suured ja tugevad loomad, v\u00f5ivad nad ehmatuse, paanika v\u00f5i \u00f5nnetu kokkusattumuse t\u00f5ttu sattuda olukordadesse, kust nad enam omal j\u00f5ul v\u00e4lja ei p\u00e4\u00e4se. Sellistel puhkudel tuleb tegutseda rahulikult ning v\u00e4ltida looma omal k\u00e4el j\u00f5uga vabastamist, sest see v\u00f5ib p\u00f5hjustada vigastusi nii loomale kui ka abistajale.<\/p>\n<p>Kui m\u00e4rkad vigastatud v\u00f5i muul viisil h\u00e4tta sattunud looma, saab \u00f6\u00f6p\u00e4evaringselt n\u00f5u k\u00fcsida riigiinfo telefonilt 1247. Sealt antakse juhiseid, kuidas olukorras k\u00e4ituda, ning vajadusel suunatakse teade edasi abi osutavatele asutustele. Eluohtliku olukorra v\u00f5i vahetu ohu korral tuleb helistada h\u00e4daabinumbril 112.<\/p>\n<p>Kuidas see lugu Sind end tundma pani? Saada <a href=\"https:\/\/maaleht.delfi.ee\/artikkel\/120598578\/video-omaparane-paasteoperatsioon-parnu-raekula-rannas-jai-hobune-peadpidi-kahe-puu-vahele-kinni\/kommentaarid\" class=\"article-body-bottom__comment article-body-bottom__comment--write button button--primary button--size-auto\" rel=\"nofollow noopener\" target=\"_blank\"> Kommenteeri <\/a><a href=\"https:\/\/maaleht.delfi.ee\/artikkel\/120598578\/video-omaparane-paasteoperatsioon-parnu-raekula-rannas-jai-hobune-peadpidi-kahe-puu-vahele-kinni\/kommentaarid\" class=\"article-body-bottom__comment article-body-bottom__comment--read button button--size-auto\" rel=\"nofollow noopener\" target=\"_blank\"> Loe kommentaare (6)<\/a><\/p>\n","protected":false},"excerpt":{"rendered":"S\u00fcndmuskohale j\u00f5udnud p\u00e4\u00e4stjad hindasid olukorda ning vabastasid looma ettevaatlikult puude vahelt. P\u00e4\u00e4steamet kirjutas sotsiaalmeedias videot jagades, et abistajatele&hellip;\n","protected":false},"author":2,"featured_media":233459,"comment_status":"","ping_status":"","sticky":false,"template":"","format":"standard","meta":{"footnotes":"","_share_on_mastodon":"0"},"categories":[12],"tags":[26,27,37,33,35,34,36,31,32,21,36958,28,29,285,2854,19,1581,25,23,24,22,20,30],"class_list":["post-233458","post","type-post","status-publish","format-standard","has-post-thumbnail","category-eesti","tag-breaking-news","tag-breakingnews","tag-ee","tag-eesti","tag-eesti-keel","tag-estonia","tag-estonian","tag-featured-news","tag-featurednews","tag-headlines","tag-hobune","tag-latest-news","tag-latestnews","tag-loodus","tag-loom","tag-news","tag-paasteamet","tag-populaarseimad-lood","tag-top-stories","tag-topstories","tag-uldised-uudised","tag-uudised","tag-viimased-uudised"],"share_on_mastodon":{"url":"https:\/\/pubeurope.com\/@ee\/116959017058258199","error":""},"_links":{"self":[{"href":"https:\/\/www.europesays.com\/ee\/wp-json\/wp\/v2\/posts\/233458","targetHints":{"allow":["GET"]}}],"collection":[{"href":"https:\/\/www.europesays.com\/ee\/wp-json\/wp\/v2\/posts"}],"about":[{"href":"https:\/\/www.europesays.com\/ee\/wp-json\/wp\/v2\/types\/post"}],"author":[{"embeddable":true,"href":"https:\/\/www.europesays.com\/ee\/wp-json\/wp\/v2\/users\/2"}],"replies":[{"embeddable":true,"href":"https:\/\/www.europesays.com\/ee\/wp-json\/wp\/v2\/comments?post=233458"}],"version-history":[{"count":0,"href":"https:\/\/www.europesays.com\/ee\/wp-json\/wp\/v2\/posts\/233458\/revisions"}],"wp:featuredmedia":[{"embeddable":true,"href":"https:\/\/www.europesays.com\/ee\/wp-json\/wp\/v2\/media\/233459"}],"wp:attachment":[{"href":"https:\/\/www.europesays.com\/ee\/wp-json\/wp\/v2\/media?parent=233458"}],"wp:term":[{"taxonomy":"category","embeddable":true,"href":"https:\/\/www.europesays.com\/ee\/wp-json\/wp\/v2\/categories?post=233458"},{"taxonomy":"post_tag","embeddable":true,"href":"https:\/\/www.europesays.com\/ee\/wp-json\/wp\/v2\/tags?post=233458"}],"curies":[{"name":"wp","href":"https:\/\/api.w.org\/{rel}","templated":true}]}}