{"id":233504,"date":"2026-07-21T18:20:08","date_gmt":"2026-07-21T18:20:08","guid":{"rendered":"https:\/\/www.europesays.com\/ee\/233504\/"},"modified":"2026-07-21T18:20:08","modified_gmt":"2026-07-21T18:20:08","slug":"fotod-rappar-svndrale-korraldati-ullatuspidu-mina-ja-mu-nepobeebi-oleme-vaga-armastatud","status":"publish","type":"post","link":"https:\/\/www.europesays.com\/ee\/233504\/","title":{"rendered":"FOTOD | R\u00e4ppar SVNDRAle korraldati \u00fcllatuspidu: mina ja mu nepobeebi oleme v\u00e4ga armastatud"},"content":{"rendered":"<p>SVNDRA (36) jagas sotsiaalmeedias meeleolukaid pilte \u00fcllatuspeost, mille l\u00e4hedased talle peagi s\u00fcndiva beebi puhul korraldasid. \u201eParim girl gang (t\u00fcdrukute grupp \u2013 toim) \u00fcldse. Beebipeo korraldas mu \u00f5eke! Ma olen ikka v\u00e4ga armastatud ja mu nepobeebi (t\u00e4histab terminina avaliku elu tegelast, kelle perekondlikud sidemed on osutunud ta karj\u00e4\u00e4ris v\u00e4ga kaalukaks \u2013 toim) ka,\u201c kirjutas ta Instagrami postituse juurde.<\/p>\n<p>SVNDRA avalikustas 24. juunil Tallinna jaanitulel esinedes oma lapseootuse. Lauljanna kandis laval s\u00e4rgist ja dressip\u00fckstest koosnevat mugavat komplekti n\u00f5nda, et tema \u00fcles keritud s\u00e4rk paljastas beebik\u00f5hu.<\/p>\n<p><img decoding=\"async\" src=\"https:\/\/www.europesays.com\/ee\/wp-content\/uploads\/2026\/07\/4fa171cc-d95c-4e7f-af68-6e33807a5e3d.jpg\" loading=\"lazy\" alt=\"SVNDRA Tallinna jaanitulel esinemas\"\/><\/p>\n<p>P\u00e4rast s\u00f5ud kinnitas SVNDRA Kroonikale, et teda v\u00f5ib t\u00f5epoolest perelisa puhul \u00f5nnitleda.<\/p>\n<p>Kuigi enne esinemist polnud SVNDRA \u00fchismeedias lapseootusest teada andnud, ilmusid sinna p\u00e4rast \u00fclesastumist fotod nii temast \u00fcksi kui ka koos taustatantsijate ja tugimeeskonnaga. Fotodel ei varjanud lauljanna enam sugugi oma muutunud kehavorme. \u201eHoian figuuri,\u201c seisis jagatud piltide k\u00f5rval kirjas.<\/p>\n<p>Kuidas see lugu Sind end tundma pani? Saada <a href=\"https:\/\/kroonika.delfi.ee\/artikkel\/120598770\/fotod-rappar-svndrale-korraldati-ullatuspidu-mina-ja-mu-nepobeebi-oleme-vaga-armastatud\/kommentaarid\" class=\"article-body-bottom__comment article-body-bottom__comment--write button button--primary button--size-auto\" rel=\"nofollow noopener\" target=\"_blank\"> Kommenteeri <\/a><a href=\"https:\/\/kroonika.delfi.ee\/artikkel\/120598770\/fotod-rappar-svndrale-korraldati-ullatuspidu-mina-ja-mu-nepobeebi-oleme-vaga-armastatud\/kommentaarid\" class=\"article-body-bottom__comment article-body-bottom__comment--read button button--size-auto\" rel=\"nofollow noopener\" target=\"_blank\"> Loe kommentaare <\/a><\/p>\n","protected":false},"excerpt":{"rendered":"SVNDRA (36) jagas sotsiaalmeedias meeleolukaid pilte \u00fcllatuspeost, mille l\u00e4hedased talle peagi s\u00fcndiva beebi puhul korraldasid. \u201eParim girl gang&hellip;\n","protected":false},"author":2,"featured_media":233505,"comment_status":"","ping_status":"","sticky":false,"template":"","format":"standard","meta":{"footnotes":"","_share_on_mastodon":"0"},"categories":[16],"tags":[37,33,35,173,34,36,140,86856,37138],"class_list":["post-233504","post","type-post","status-publish","format-standard","has-post-thumbnail","category-meelelahutus","tag-ee","tag-eesti","tag-eesti-keel","tag-entertainment","tag-estonia","tag-estonian","tag-meelelahutus","tag-sandra-villacis","tag-svndra"],"share_on_mastodon":{"url":"https:\/\/pubeurope.com\/@ee\/116959355280391412","error":""},"_links":{"self":[{"href":"https:\/\/www.europesays.com\/ee\/wp-json\/wp\/v2\/posts\/233504","targetHints":{"allow":["GET"]}}],"collection":[{"href":"https:\/\/www.europesays.com\/ee\/wp-json\/wp\/v2\/posts"}],"about":[{"href":"https:\/\/www.europesays.com\/ee\/wp-json\/wp\/v2\/types\/post"}],"author":[{"embeddable":true,"href":"https:\/\/www.europesays.com\/ee\/wp-json\/wp\/v2\/users\/2"}],"replies":[{"embeddable":true,"href":"https:\/\/www.europesays.com\/ee\/wp-json\/wp\/v2\/comments?post=233504"}],"version-history":[{"count":0,"href":"https:\/\/www.europesays.com\/ee\/wp-json\/wp\/v2\/posts\/233504\/revisions"}],"wp:featuredmedia":[{"embeddable":true,"href":"https:\/\/www.europesays.com\/ee\/wp-json\/wp\/v2\/media\/233505"}],"wp:attachment":[{"href":"https:\/\/www.europesays.com\/ee\/wp-json\/wp\/v2\/media?parent=233504"}],"wp:term":[{"taxonomy":"category","embeddable":true,"href":"https:\/\/www.europesays.com\/ee\/wp-json\/wp\/v2\/categories?post=233504"},{"taxonomy":"post_tag","embeddable":true,"href":"https:\/\/www.europesays.com\/ee\/wp-json\/wp\/v2\/tags?post=233504"}],"curies":[{"name":"wp","href":"https:\/\/api.w.org\/{rel}","templated":true}]}}