{"id":233574,"date":"2026-07-21T20:24:19","date_gmt":"2026-07-21T20:24:19","guid":{"rendered":"https:\/\/www.europesays.com\/ee\/233574\/"},"modified":"2026-07-21T20:24:19","modified_gmt":"2026-07-21T20:24:19","slug":"moldova-parlament-valis-uueks-peaministriks-vasile-tofani","status":"publish","type":"post","link":"https:\/\/www.europesays.com\/ee\/233574\/","title":{"rendered":"Moldova parlament valis uueks peaministriks Vasile Tofani"},"content":{"rendered":"<p>Moldova l\u00e4\u00e4nemeelne parlament valis teisip\u00e4eval uueks peaministriks \u00e4rimehe ja investori Vasile Tofani, usaldades poliitilisele uustulnukale riigi Euroopa Liiduga \u00fchinemise p\u00fc\u00fcdluste edendamise.<\/p>\n<p class=\"Paragraph SCXW22814826 BCX0\">44-aastane Tofan, keda toetavad president Maia Sandu ning tema Tegevus- ja Solidaarsuspartei (PAS), sai 101-kohalises parlamendis 51 poolt- ja 21 vastuh\u00e4\u00e4lt. 21 saadikut j\u00e4i erapooletuks.<\/p>\n","protected":false},"excerpt":{"rendered":"Moldova l\u00e4\u00e4nemeelne parlament valis teisip\u00e4eval uueks peaministriks \u00e4rimehe ja investori Vasile Tofani, usaldades poliitilisele uustulnukale riigi Euroopa Liiduga&hellip;\n","protected":false},"author":2,"featured_media":233575,"comment_status":"","ping_status":"","sticky":false,"template":"","format":"standard","meta":{"footnotes":"","_share_on_mastodon":"0"},"categories":[80],"tags":[93371,26,27,37,33,35,93370,34,36,590,31,32,93369,21,93368,28,29,95,1951,1949,79024,93374,93373,19,25,23,24,93372,22,20,93367,30,92,93,94],"class_list":["post-233574","post","type-post","status-publish","format-standard","has-post-thumbnail","category-maailm","tag-alexandru-munteanu","tag-breaking-news","tag-breakingnews","tag-ee","tag-eesti","tag-eesti-keel","tag-erasmuse-ulikool","tag-estonia","tag-estonian","tag-euroopa-liit","tag-featured-news","tag-featurednews","tag-harvardi-arikool","tag-headlines","tag-horizon-capital","tag-latest-news","tag-latestnews","tag-maailm","tag-maia-sandu","tag-moldova","tag-moldova-parlament","tag-moldova-peaminister","tag-moldova-valitsus","tag-news","tag-populaarseimad-lood","tag-top-stories","tag-topstories","tag-ukraina-investeerimisfirma","tag-uldised-uudised","tag-uudised","tag-vasile-tofan","tag-viimased-uudised","tag-world","tag-world-news","tag-worldnews"],"share_on_mastodon":{"url":"","error":"Validation failed: Text character limit of 500 exceeded"},"_links":{"self":[{"href":"https:\/\/www.europesays.com\/ee\/wp-json\/wp\/v2\/posts\/233574","targetHints":{"allow":["GET"]}}],"collection":[{"href":"https:\/\/www.europesays.com\/ee\/wp-json\/wp\/v2\/posts"}],"about":[{"href":"https:\/\/www.europesays.com\/ee\/wp-json\/wp\/v2\/types\/post"}],"author":[{"embeddable":true,"href":"https:\/\/www.europesays.com\/ee\/wp-json\/wp\/v2\/users\/2"}],"replies":[{"embeddable":true,"href":"https:\/\/www.europesays.com\/ee\/wp-json\/wp\/v2\/comments?post=233574"}],"version-history":[{"count":0,"href":"https:\/\/www.europesays.com\/ee\/wp-json\/wp\/v2\/posts\/233574\/revisions"}],"wp:featuredmedia":[{"embeddable":true,"href":"https:\/\/www.europesays.com\/ee\/wp-json\/wp\/v2\/media\/233575"}],"wp:attachment":[{"href":"https:\/\/www.europesays.com\/ee\/wp-json\/wp\/v2\/media?parent=233574"}],"wp:term":[{"taxonomy":"category","embeddable":true,"href":"https:\/\/www.europesays.com\/ee\/wp-json\/wp\/v2\/categories?post=233574"},{"taxonomy":"post_tag","embeddable":true,"href":"https:\/\/www.europesays.com\/ee\/wp-json\/wp\/v2\/tags?post=233574"}],"curies":[{"name":"wp","href":"https:\/\/api.w.org\/{rel}","templated":true}]}}