{"id":233630,"date":"2026-07-21T22:26:11","date_gmt":"2026-07-21T22:26:11","guid":{"rendered":"https:\/\/www.europesays.com\/ee\/233630\/"},"modified":"2026-07-21T22:26:11","modified_gmt":"2026-07-21T22:26:11","slug":"voru-seederi-mooblitootmine-lopeb-30-aastat-ja-koik-varad-muugis","status":"publish","type":"post","link":"https:\/\/www.europesays.com\/ee\/233630\/","title":{"rendered":"V\u00f5ru Seederi m\u00f6\u00f6blitootmine l\u00f5peb: 30 aastat ja k\u00f5ik varad m\u00fc\u00fcgis"},"content":{"rendered":"<p class=\"text-muted-foreground text-[15px] leading-relaxed\">V\u00f5ru Seederi asutaja Oleg Udodov peatas 1. juulil 2026 oma kolmk\u00fcmmend aastat tegutsenud m\u00f6\u00f6blifirma tegevuse V\u00f5rus, pakkudes m\u00fc\u00fcgiks kogu tootmiskompleksi ja neli kinnistut, p\u00f5hjendades otsust isikliku tervise ja sooviga leida elus uusi v\u00e4ljakutseid, hoolimata ettev\u00f5tte maksev\u00f5imest.<\/p>\n<p><a class=\"border-border\/60 hover:border-foreground\/30 focus-visible:ring-foreground\/30 mt-3 flex items-center justify-between gap-3 border px-3 py-2 font-mono text-[10px] font-medium uppercase tracking-wide transition-colors duration-150 focus-visible:outline-none focus-visible:ring-2\" data-sentry-element=\"Link\" data-sentry-component=\"StoryCirculationTeaser\" data-sentry-source-file=\"StoryCirculation.tsx\" href=\"https:\/\/shortl.ee\/et\/estonia\" rel=\"nofollow noopener\" target=\"_blank\">T\u00c4NA \u00b7 11 LUGUVaata \u00fcle<\/a><\/p>\n<ul class=\"space-y-3 text-[15px] leading-relaxed\">\n<li class=\"flex gap-3\">\u2014V\u00f5ru Seederi omanik Oleg Udodov on l\u00f5petanud m\u00f6\u00f6blitootmise ja sulgenud ettev\u00f5tte poe p\u00e4rast 30-aastast tegutsemist, kusjuures kogu tootmiskompleks ja neli kinnistut V\u00f5rus on n\u00fc\u00fcd m\u00fc\u00fcgis.<\/li>\n<li class=\"flex gap-3\">\u2014Udodov t\u00f5i ettev\u00f5tte sulgemise peamiste p\u00f5hjustena v\u00e4lja isikliku tervise ja stressitaseme, v\u00e4ljendades soovi elada elu, mis ei keskendu ainult \u00e4rile ja rahale.<\/li>\n<li class=\"flex gap-3\">\u2014Ettev\u00f5tte tegevus peatati 1. juulil 2026, kusjuures vaid kaks t\u00f6\u00f6tajat j\u00e4\u00e4vad tootmisseadmeid hooldama potentsiaalse uue omaniku jaoks.<\/li>\n<li class=\"flex gap-3\">\u2014Udodov kaalub ka oma suure turismitalu, Seedri Puhketalu, m\u00fc\u00fcki osana oma otsusest \u00e4rimaailmast lahkuda.<\/li>\n<li class=\"flex gap-3\">\u2014Vaatamata v\u00e4ljakutsetele, nagu konkurents odava m\u00f6\u00f6bliimpordiga Hiinast ja Euroopa regulatsioonid, r\u00f5hutas Udodov, et V\u00f5ru Seeder ei ole pankrotis.<\/li>\n<\/ul>\n","protected":false},"excerpt":{"rendered":"V\u00f5ru Seederi asutaja Oleg Udodov peatas 1. juulil 2026 oma kolmk\u00fcmmend aastat tegutsenud m\u00f6\u00f6blifirma tegevuse V\u00f5rus, pakkudes m\u00fc\u00fcgiks&hellip;\n","protected":false},"author":2,"featured_media":233631,"comment_status":"","ping_status":"","sticky":false,"template":"","format":"standard","meta":{"footnotes":"","_share_on_mastodon":"0"},"categories":[12],"tags":[26,27,37,33,35,2759,34,36,1319,93392,31,32,21,8609,28,29,93391,19,93390,25,89105,23,24,22,20,30,1298,93389],"class_list":["post-233630","post","type-post","status-publish","format-standard","has-post-thumbnail","category-eesti","tag-breaking-news","tag-breakingnews","tag-ee","tag-eesti","tag-eesti-keel","tag-eesti-majandus","tag-estonia","tag-estonian","tag-ettevotlus","tag-ettevotte-sulgemine","tag-featured-news","tag-featurednews","tag-headlines","tag-kinnisvara-muuk","tag-latest-news","tag-latestnews","tag-mooblitootmine","tag-news","tag-oleg-udodov","tag-populaarseimad-lood","tag-tookohtade-kadu","tag-top-stories","tag-topstories","tag-uldised-uudised","tag-uudised","tag-viimased-uudised","tag-voru","tag-voru-seeder"],"share_on_mastodon":{"url":"https:\/\/pubeurope.com\/@ee\/116960322164313443","error":""},"_links":{"self":[{"href":"https:\/\/www.europesays.com\/ee\/wp-json\/wp\/v2\/posts\/233630","targetHints":{"allow":["GET"]}}],"collection":[{"href":"https:\/\/www.europesays.com\/ee\/wp-json\/wp\/v2\/posts"}],"about":[{"href":"https:\/\/www.europesays.com\/ee\/wp-json\/wp\/v2\/types\/post"}],"author":[{"embeddable":true,"href":"https:\/\/www.europesays.com\/ee\/wp-json\/wp\/v2\/users\/2"}],"replies":[{"embeddable":true,"href":"https:\/\/www.europesays.com\/ee\/wp-json\/wp\/v2\/comments?post=233630"}],"version-history":[{"count":0,"href":"https:\/\/www.europesays.com\/ee\/wp-json\/wp\/v2\/posts\/233630\/revisions"}],"wp:featuredmedia":[{"embeddable":true,"href":"https:\/\/www.europesays.com\/ee\/wp-json\/wp\/v2\/media\/233631"}],"wp:attachment":[{"href":"https:\/\/www.europesays.com\/ee\/wp-json\/wp\/v2\/media?parent=233630"}],"wp:term":[{"taxonomy":"category","embeddable":true,"href":"https:\/\/www.europesays.com\/ee\/wp-json\/wp\/v2\/categories?post=233630"},{"taxonomy":"post_tag","embeddable":true,"href":"https:\/\/www.europesays.com\/ee\/wp-json\/wp\/v2\/tags?post=233630"}],"curies":[{"name":"wp","href":"https:\/\/api.w.org\/{rel}","templated":true}]}}