{"id":233793,"date":"2026-07-22T07:11:09","date_gmt":"2026-07-22T07:11:09","guid":{"rendered":"https:\/\/www.europesays.com\/ee\/233793\/"},"modified":"2026-07-22T07:11:09","modified_gmt":"2026-07-22T07:11:09","slug":"epeenaised-labisid-mm-il-edukalt-alagrupiturniiri-vehklemine","status":"publish","type":"post","link":"https:\/\/www.europesays.com\/ee\/233793\/","title":{"rendered":"Epeenaised l\u00e4bisid MM-il edukalt alagrupiturniiri | Vehklemine"},"content":{"rendered":"<p>Hongkongis alanud vehklemise maailmameistriv\u00f5istlustel l\u00e4bisid Eesti epeenaised edukalt individuaalv\u00f5istluse alagrupiturniiri.<\/p>\n<p>Eesti naiskonda kuuluvad MM-il Katrina Lehis, Irina Embrich, Julia Beljajeva ja Veronika Zuikova. Ainsana p\u00e4\u00e4ses otse p\u00f5hiturniirile maailma edetabeli esinumber Lehis, \u00fclej\u00e4\u00e4nud kolm pidid alustama v\u00f5istlemist alagrupiturniirist.<\/p>\n<p>Embrich v\u00f5itis alagrupis k\u00f5ik kuus mat\u0161i ning kindlustas sellega otsep\u00e4\u00e4su p\u00f5hiturniirile ehk 64 parema sekka.<\/p>\n<p>Beljajeva kaotas oma esimese mat\u0161i Venezuela esindajale Lizzie Asisile, kuid v\u00f5itis seej\u00e4rel neli mat\u0161i j\u00e4rjest ning j\u00e4tkab v\u00f5istlemist 128 parema seas. P\u00f5hiturniirile p\u00e4\u00e4semiseks tuleb Beljajeval v\u00f5ita veel kolm mat\u0161i.<\/p>\n<p>K\u00f5ige k\u00e4\u00e4nulisem teekond oli Zuikoval, kes kogus alagrupis kolm v\u00f5itu ja kolm kaotust. Ka tema j\u00e4tkab v\u00f5istlemist 128 parema seas.<\/p>\n<p>Naiste epee p\u00f5hiturniir algab laup\u00e4eval. V\u00f5istkonnav\u00f5istlus on kavas teisip\u00e4eval, 28. juulil.<\/p>\n","protected":false},"excerpt":{"rendered":"Hongkongis alanud vehklemise maailmameistriv\u00f5istlustel l\u00e4bisid Eesti epeenaised edukalt individuaalv\u00f5istluse alagrupiturniiri. Eesti naiskonda kuuluvad MM-il Katrina Lehis, Irina Embrich,&hellip;\n","protected":false},"author":2,"featured_media":233794,"comment_status":"","ping_status":"","sticky":false,"template":"","format":"standard","meta":{"footnotes":"","_share_on_mastodon":"0"},"categories":[18],"tags":[37,33,35,34,36,6342,11175,6345,159,158,93441,84723],"class_list":["post-233793","post","type-post","status-publish","format-standard","has-post-thumbnail","category-sport","tag-ee","tag-eesti","tag-eesti-keel","tag-estonia","tag-estonian","tag-irina-embrich","tag-julia-beljajeva","tag-katrina-lehis","tag-sport","tag-sports","tag-vehklemise-mm","tag-veronika-zuikova"],"share_on_mastodon":{"url":"https:\/\/pubeurope.com\/@ee\/116962386710905230","error":""},"_links":{"self":[{"href":"https:\/\/www.europesays.com\/ee\/wp-json\/wp\/v2\/posts\/233793","targetHints":{"allow":["GET"]}}],"collection":[{"href":"https:\/\/www.europesays.com\/ee\/wp-json\/wp\/v2\/posts"}],"about":[{"href":"https:\/\/www.europesays.com\/ee\/wp-json\/wp\/v2\/types\/post"}],"author":[{"embeddable":true,"href":"https:\/\/www.europesays.com\/ee\/wp-json\/wp\/v2\/users\/2"}],"replies":[{"embeddable":true,"href":"https:\/\/www.europesays.com\/ee\/wp-json\/wp\/v2\/comments?post=233793"}],"version-history":[{"count":0,"href":"https:\/\/www.europesays.com\/ee\/wp-json\/wp\/v2\/posts\/233793\/revisions"}],"wp:featuredmedia":[{"embeddable":true,"href":"https:\/\/www.europesays.com\/ee\/wp-json\/wp\/v2\/media\/233794"}],"wp:attachment":[{"href":"https:\/\/www.europesays.com\/ee\/wp-json\/wp\/v2\/media?parent=233793"}],"wp:term":[{"taxonomy":"category","embeddable":true,"href":"https:\/\/www.europesays.com\/ee\/wp-json\/wp\/v2\/categories?post=233793"},{"taxonomy":"post_tag","embeddable":true,"href":"https:\/\/www.europesays.com\/ee\/wp-json\/wp\/v2\/tags?post=233793"}],"curies":[{"name":"wp","href":"https:\/\/api.w.org\/{rel}","templated":true}]}}