{"id":234015,"date":"2026-07-22T11:18:14","date_gmt":"2026-07-22T11:18:14","guid":{"rendered":"https:\/\/www.europesays.com\/ee\/234015\/"},"modified":"2026-07-22T11:18:14","modified_gmt":"2026-07-22T11:18:14","slug":"embrich-ja-zuikova-murdsid-mm-il-pohiturniirile-beljajeva-jai-napilt-valja-vehklemine","status":"publish","type":"post","link":"https:\/\/www.europesays.com\/ee\/234015\/","title":{"rendered":"Embrich ja Zuikova murdsid MM-il p\u00f5hiturniirile, Beljajeva j\u00e4i napilt v\u00e4lja | Vehklemine"},"content":{"rendered":"<p>Hongkongis alanud vehklemise maailmameistriv\u00f5istlustel j\u00f5udsid epeevehklejad Irina Embrich ja Veronika Zuikova individuaalv\u00f5istlusel p\u00f5hiturniirile. Julia Beljajeva kaotas otsustavas ringis \u00fche torkega.<\/p>\n<p>Eesti naiskonda kuuluvad MM-il Katrina Lehis, Irina Embrich, Julia Beljajeva ja Veronika Zuikova. Ainsana p\u00e4\u00e4ses otse p\u00f5hiturniirile maailma edetabeli esinumber Lehis, \u00fclej\u00e4\u00e4nud kolm pidid alustama v\u00f5istlemist alagrupiturniirist.<\/p>\n<p>Embrich v\u00f5itis oma alagrupis k\u00f5ik kuus mat\u0161i ning kindlustas sellega otsep\u00e4\u00e4su p\u00f5hiturniirile ehk 64 parema sekka.<\/p>\n<p>Beljajeva kaotas alagrupis oma esimese mat\u0161i Venezuela esindajale Lizzie Asisile, kuid v\u00f5itis seej\u00e4rel neli mat\u0161i j\u00e4rjest. Ta j\u00e4tkas v\u00f5istlemist 128 parema seas, kus sai kindla 15:4 v\u00f5idu filipiinlanna Hanniel Abella \u00fcle, aga pidi j\u00e4rgmises ringis tunnistama rumeenlanna Natalia Constantini 15:14 paremust.<\/p>\n<p>Alagrupiturniiril oli k\u00f5ige k\u00e4\u00e4nulisem teekond Zuikoval, kes kogus kolm v\u00f5itu ja kolm kaotust. Ka tema j\u00e4tkas v\u00f5istlemist 128 parema seas. Esimeses mat\u0161is alistas Zuikova 15:13 tulemusega egiptlanna Aya Husseini ja teenis seej\u00e4rel otsustavas mat\u0161is 10:9 v\u00f5idu mullu Euroopa meistriks tulnud venelanna Aizanat Murtazajeva \u00fcle.<\/p>\n<p>Lehis, Embrich ja Zuikova vehklevad p\u00f5hiturniiril laup\u00e4eval. Naiste v\u00f5istkonnav\u00f5istlus on kavas teisip\u00e4eval, 28. juulil.<\/p>\n","protected":false},"excerpt":{"rendered":"Hongkongis alanud vehklemise maailmameistriv\u00f5istlustel j\u00f5udsid epeevehklejad Irina Embrich ja Veronika Zuikova individuaalv\u00f5istlusel p\u00f5hiturniirile. Julia Beljajeva kaotas otsustavas ringis&hellip;\n","protected":false},"author":2,"featured_media":234016,"comment_status":"","ping_status":"","sticky":false,"template":"","format":"standard","meta":{"footnotes":"","_share_on_mastodon":"0"},"categories":[5],"tags":[26,27,37,33,35,34,36,31,32,21,6342,11175,6345,28,29,19,25,23,24,22,20,93441,84723,30],"class_list":["post-234015","post","type-post","status-publish","format-standard","has-post-thumbnail","category-uldised-uudised","tag-breaking-news","tag-breakingnews","tag-ee","tag-eesti","tag-eesti-keel","tag-estonia","tag-estonian","tag-featured-news","tag-featurednews","tag-headlines","tag-irina-embrich","tag-julia-beljajeva","tag-katrina-lehis","tag-latest-news","tag-latestnews","tag-news","tag-populaarseimad-lood","tag-top-stories","tag-topstories","tag-uldised-uudised","tag-uudised","tag-vehklemise-mm","tag-veronika-zuikova","tag-viimased-uudised"],"share_on_mastodon":{"url":"https:\/\/pubeurope.com\/@ee\/116963357655140364","error":""},"_links":{"self":[{"href":"https:\/\/www.europesays.com\/ee\/wp-json\/wp\/v2\/posts\/234015","targetHints":{"allow":["GET"]}}],"collection":[{"href":"https:\/\/www.europesays.com\/ee\/wp-json\/wp\/v2\/posts"}],"about":[{"href":"https:\/\/www.europesays.com\/ee\/wp-json\/wp\/v2\/types\/post"}],"author":[{"embeddable":true,"href":"https:\/\/www.europesays.com\/ee\/wp-json\/wp\/v2\/users\/2"}],"replies":[{"embeddable":true,"href":"https:\/\/www.europesays.com\/ee\/wp-json\/wp\/v2\/comments?post=234015"}],"version-history":[{"count":0,"href":"https:\/\/www.europesays.com\/ee\/wp-json\/wp\/v2\/posts\/234015\/revisions"}],"wp:featuredmedia":[{"embeddable":true,"href":"https:\/\/www.europesays.com\/ee\/wp-json\/wp\/v2\/media\/234016"}],"wp:attachment":[{"href":"https:\/\/www.europesays.com\/ee\/wp-json\/wp\/v2\/media?parent=234015"}],"wp:term":[{"taxonomy":"category","embeddable":true,"href":"https:\/\/www.europesays.com\/ee\/wp-json\/wp\/v2\/categories?post=234015"},{"taxonomy":"post_tag","embeddable":true,"href":"https:\/\/www.europesays.com\/ee\/wp-json\/wp\/v2\/tags?post=234015"}],"curies":[{"name":"wp","href":"https:\/\/api.w.org\/{rel}","templated":true}]}}