{"id":234174,"date":"2026-07-22T14:42:11","date_gmt":"2026-07-22T14:42:11","guid":{"rendered":"https:\/\/www.europesays.com\/ee\/234174\/"},"modified":"2026-07-22T14:42:11","modified_gmt":"2026-07-22T14:42:11","slug":"video-parim-teraapia-uldse-erna-husko-unistus-taitus","status":"publish","type":"post","link":"https:\/\/www.europesays.com\/ee\/234174\/","title":{"rendered":"VIDEO | \u201eParim teraapia \u00fcldse.\u201c Erna Husko unistus t\u00e4itus"},"content":{"rendered":"<p>\u201eOlen seda p\u00e4eva oodanud viimased k\u00fcmme aastat,\u201c kirjutas Erna oma Instagrami story\u2019s.<\/p>\n<p>\u201eAlates 2018. aastast minu enim kuulatud artist. Parim teraapia \u00fcldse,\u201c kirjeldas Erna kontserdielamust oma v\u00e4rskes postituses. Pilet maksis Husko s\u00f5nul 400 eurot.<\/p>\n<p>Megastaar The Weeknd astus esmakordselt Eestis \u00fcles 12. augustil 2023. aastal. Erik\u00fclalistena liitusid Kaytranada ja Mike Dean. Kontsert oli v\u00e4lja m\u00fc\u00fcdud.<\/p>\n<p>The Weekndi lavanime taga on Kanada muusik Abel Tesfaye, kelle edu j\u00e4rgnes, kui Drake\u2019i m\u00e4ned\u017eer Oliver El-Khatib muusikut promoda aitas ning sealt suurematele koost\u00f6\u00f6dele juhatas. <\/p>\n<p>The Weekend v\u00f5itis oma esimese Grammy filmi \u201eBeauty Behind the Madness\u201c helireaga just sel ajal, kui sai filmi \u201eFifty Shades of Grey\u201c jaoks kirjutatud loo \u201eEarned It\u201c (2015) Oscari-nominatsiooni. \u201eMa arvan, et t\u00e4hed kindlasti soosisid mind sel hetkel,\u201c \u00fctles ta toona meediale. \u201eKuigi tegime selle nimel palju rasket t\u00f6\u00f6d, tunnen lihtsalt, et olin \u00f5igel ajal \u00f5iges kohas.\u201c<\/p>\n<p>Kuidas see lugu Sind end tundma pani? Saada <a href=\"https:\/\/kroonika.delfi.ee\/artikkel\/120598992\/video-parim-teraapia-uldse-erna-husko-unistus-taitus\/kommentaarid\" class=\"article-body-bottom__comment article-body-bottom__comment--write button button--primary button--size-auto\" rel=\"nofollow noopener\" target=\"_blank\"> Kommenteeri <\/a><a href=\"https:\/\/kroonika.delfi.ee\/artikkel\/120598992\/video-parim-teraapia-uldse-erna-husko-unistus-taitus\/kommentaarid\" class=\"article-body-bottom__comment article-body-bottom__comment--read button button--size-auto\" rel=\"nofollow noopener\" target=\"_blank\"> Loe kommentaare (4)<\/a><\/p>\n","protected":false},"excerpt":{"rendered":"\u201eOlen seda p\u00e4eva oodanud viimased k\u00fcmme aastat,\u201c kirjutas Erna oma Instagrami story\u2019s. \u201eAlates 2018. aastast minu enim kuulatud&hellip;\n","protected":false},"author":2,"featured_media":234175,"comment_status":"","ping_status":"","sticky":false,"template":"","format":"standard","meta":{"footnotes":"","_share_on_mastodon":"0"},"categories":[16],"tags":[37,33,35,173,151,34,36,140,28855],"class_list":["post-234174","post","type-post","status-publish","format-standard","has-post-thumbnail","category-meelelahutus","tag-ee","tag-eesti","tag-eesti-keel","tag-entertainment","tag-erna-husko","tag-estonia","tag-estonian","tag-meelelahutus","tag-the-weeknd"],"share_on_mastodon":{"url":"https:\/\/pubeurope.com\/@ee\/116964159906105536","error":""},"_links":{"self":[{"href":"https:\/\/www.europesays.com\/ee\/wp-json\/wp\/v2\/posts\/234174","targetHints":{"allow":["GET"]}}],"collection":[{"href":"https:\/\/www.europesays.com\/ee\/wp-json\/wp\/v2\/posts"}],"about":[{"href":"https:\/\/www.europesays.com\/ee\/wp-json\/wp\/v2\/types\/post"}],"author":[{"embeddable":true,"href":"https:\/\/www.europesays.com\/ee\/wp-json\/wp\/v2\/users\/2"}],"replies":[{"embeddable":true,"href":"https:\/\/www.europesays.com\/ee\/wp-json\/wp\/v2\/comments?post=234174"}],"version-history":[{"count":0,"href":"https:\/\/www.europesays.com\/ee\/wp-json\/wp\/v2\/posts\/234174\/revisions"}],"wp:featuredmedia":[{"embeddable":true,"href":"https:\/\/www.europesays.com\/ee\/wp-json\/wp\/v2\/media\/234175"}],"wp:attachment":[{"href":"https:\/\/www.europesays.com\/ee\/wp-json\/wp\/v2\/media?parent=234174"}],"wp:term":[{"taxonomy":"category","embeddable":true,"href":"https:\/\/www.europesays.com\/ee\/wp-json\/wp\/v2\/categories?post=234174"},{"taxonomy":"post_tag","embeddable":true,"href":"https:\/\/www.europesays.com\/ee\/wp-json\/wp\/v2\/tags?post=234174"}],"curies":[{"name":"wp","href":"https:\/\/api.w.org\/{rel}","templated":true}]}}