{"id":234180,"date":"2026-07-22T14:46:08","date_gmt":"2026-07-22T14:46:08","guid":{"rendered":"https:\/\/www.europesays.com\/ee\/234180\/"},"modified":"2026-07-22T14:46:08","modified_gmt":"2026-07-22T14:46:08","slug":"priit-tammeraid-%e2%9f%a9-taastuvenergia-vaidluses-aetakse-jarjekindlalt-segi-tosiasjad-ja-tolgendused","status":"publish","type":"post","link":"https:\/\/www.europesays.com\/ee\/234180\/","title":{"rendered":"PRIIT TAMMERAID \u27e9 Taastuvenergia vaidluses aetakse j\u00e4rjekindlalt segi t\u00f5siasjad ja t\u00f5lgendused"},"content":{"rendered":"<p>Ilmselt v\u00f5ib faktidena k\u00e4sitleda ka m\u00f5ningaid tulevikus\u00fcndmusi. K\u00f5ik elav sureb omal ajal, meie P\u00e4ike l\u00f5petab \u00fchel p\u00e4eval oma praeguse eluts\u00fckli ning Maa h\u00e4vib selle praeguse eluvormi m\u00f5istes. Need ei ole hinnangud, vaid v\u00e4\u00e4ramatud tulevikus\u00fcndmused. Hinnangute valdkonda kuuluvad k\u00fcsimused millal, kuidas ja milliste tagaj\u00e4rgedega see toimub, kirjutab Eesti Autoomanike Liidu asutaja Priit Tammeraid (Isamaa).<\/p>\n<p>Fakt \u2013 see, mis t\u00f5esti on toimunud v\u00f5i eksisteerinud, mis t\u00f5esti toimub v\u00f5i eksisteerib. T\u00f5siasi, t\u00f5ik.<\/p>\n","protected":false},"excerpt":{"rendered":"Ilmselt v\u00f5ib faktidena k\u00e4sitleda ka m\u00f5ningaid tulevikus\u00fcndmusi. K\u00f5ik elav sureb omal ajal, meie P\u00e4ike l\u00f5petab \u00fchel p\u00e4eval oma&hellip;\n","protected":false},"author":2,"featured_media":234181,"comment_status":"","ping_status":"","sticky":false,"template":"","format":"standard","meta":{"footnotes":"","_share_on_mastodon":"0"},"categories":[12],"tags":[26,27,37,33,9041,35,6122,34,36,3158,31,32,21,93553,7643,731,28,29,114,93552,2886,19,25,65973,134,2885,2596,23,24,3079,93551,22,20,30],"class_list":["post-234180","post","type-post","status-publish","format-standard","has-post-thumbnail","category-eesti","tag-breaking-news","tag-breakingnews","tag-ee","tag-eesti","tag-eesti-autoomanike-liit","tag-eesti-keel","tag-elektriturg","tag-estonia","tag-estonian","tag-faktikontroll","tag-featured-news","tag-featurednews","tag-headlines","tag-hinnang","tag-infraheli","tag-isamaa","tag-latest-news","tag-latestnews","tag-lati","tag-madalsageduslik-mura","tag-meta","tag-news","tag-populaarseimad-lood","tag-priit-tammeraid","tag-rohepoore","tag-sonavabadus","tag-taastuvenergia","tag-top-stories","tag-topstories","tag-tuulepark","tag-tuulikumura","tag-uldised-uudised","tag-uudised","tag-viimased-uudised"],"share_on_mastodon":{"url":"","error":"Validation failed: Text character limit of 500 exceeded"},"_links":{"self":[{"href":"https:\/\/www.europesays.com\/ee\/wp-json\/wp\/v2\/posts\/234180","targetHints":{"allow":["GET"]}}],"collection":[{"href":"https:\/\/www.europesays.com\/ee\/wp-json\/wp\/v2\/posts"}],"about":[{"href":"https:\/\/www.europesays.com\/ee\/wp-json\/wp\/v2\/types\/post"}],"author":[{"embeddable":true,"href":"https:\/\/www.europesays.com\/ee\/wp-json\/wp\/v2\/users\/2"}],"replies":[{"embeddable":true,"href":"https:\/\/www.europesays.com\/ee\/wp-json\/wp\/v2\/comments?post=234180"}],"version-history":[{"count":0,"href":"https:\/\/www.europesays.com\/ee\/wp-json\/wp\/v2\/posts\/234180\/revisions"}],"wp:featuredmedia":[{"embeddable":true,"href":"https:\/\/www.europesays.com\/ee\/wp-json\/wp\/v2\/media\/234181"}],"wp:attachment":[{"href":"https:\/\/www.europesays.com\/ee\/wp-json\/wp\/v2\/media?parent=234180"}],"wp:term":[{"taxonomy":"category","embeddable":true,"href":"https:\/\/www.europesays.com\/ee\/wp-json\/wp\/v2\/categories?post=234180"},{"taxonomy":"post_tag","embeddable":true,"href":"https:\/\/www.europesays.com\/ee\/wp-json\/wp\/v2\/tags?post=234180"}],"curies":[{"name":"wp","href":"https:\/\/api.w.org\/{rel}","templated":true}]}}