{"id":234416,"date":"2026-07-22T21:33:09","date_gmt":"2026-07-22T21:33:09","guid":{"rendered":"https:\/\/www.europesays.com\/ee\/234416\/"},"modified":"2026-07-22T21:33:09","modified_gmt":"2026-07-22T21:33:09","slug":"huvasti-toomas-paul-ara-karda-valgust-mine-valgusesse-ara-pogene-maaleht","status":"publish","type":"post","link":"https:\/\/www.europesays.com\/ee\/234416\/","title":{"rendered":"H\u00dcVASTI, TOOMAS PAUL! | \u00c4ra karda valgust. Mine valgusesse. \u00c4ra p\u00f5gene &#8211; Maaleht"},"content":{"rendered":"<ol>\n<li><a href=\"https:\/\/news.google.com\/rss\/articles\/CBMirAFBVV95cUxQbzNWbk9COURlWThCTEdDZnB0MjNFWFUwUEdONUN3R04wVjhQdlZjcGZIUzI4V0x6MWk4bjR0aFlWeWw4TkM0WHI3T0dIQkF3Mlp3VjZHOFRnd3ZBcldLaTI0c1ZRNG1WZ21uRnlxYjJjQUFsaFVVOEZSemVELVhiREdsR1ppaVlmWGNHNWRRN0h1YXpOUlFhNHFyRnJ1V1ZxOFlNWGRwS2R4T1pi?oc=5\" target=\"_blank\" rel=\"nofollow noopener\">H\u00dcVASTI, TOOMAS PAUL! | \u00c4ra karda valgust. Mine valgusesse. \u00c4ra p\u00f5gene<\/a>&nbsp;&nbsp;Maaleht<\/li>\n<li><a href=\"https:\/\/news.google.com\/rss\/articles\/CBMiP0FVX3lxTE5hUzdVY1ZZZ042UEs3S19VT0w2VEh4Zm01aDBFZ2ZRcTJlM1VyZTl3UjZwNklXVWZjRUNFenBHNA?oc=5\" target=\"_blank\" rel=\"nofollow noopener\">Trump: \u00fche laeva r\u00fcndamine Iraani poolt v\u00f5rdub \u00fche silla v\u00f5i elektrijaami r\u00fcndamisega USA poolt<\/a>&nbsp;&nbsp;Uudis.net<\/li>\n<li><a href=\"https:\/\/news.google.com\/rss\/articles\/CBMilwFBVV95cUxNWXl3aUEyR0F3VE1aZk9MZlNKbF82b09NUTR0RlQ0ajVCWDktNVQ4MERNaUtuNlVydjMxV043X0I0VDB3YW1uLTVtU1lhU216cVRZd1k1RVlnWFhRNVJWWVAtSU9HR1h0UnRlTzVsSUtYa0VmMF8zdkxfOVFUalVlakhwUUNtWjJHdjhWeWRuQWdUd2dpWlpN?oc=5\" target=\"_blank\" rel=\"nofollow noopener\">President Karis: Toomas Paul aitas keerulist selgemini m\u00f5ista<\/a>&nbsp;&nbsp;\u00d5htuleht<\/li>\n<li><a href=\"https:\/\/news.google.com\/rss\/articles\/CBMinwFBVV95cUxQTm9zc050VWg2bmVOT2NURU5HV1VLWVQ4YmZLSThCaUVDNnJ2MDRxTUt0bVRCVndITEhNRlRwdDQzVmxLLVJyT2NHbng2ZDJEV0l4Y2QzeDVJelRwaDl4VXJvMHNBdGFFVWxwdkpoYThNOHVaSkR4dTdTWVBwMDg5UUJhU2ZyamVrNDRsYWxwRTRTcmpHbG5NRmNNQW83ajA?oc=5\" target=\"_blank\" rel=\"nofollow noopener\">\u201eToomas Paul ootas minekut sinna, kus ootab juba ees ustav abikaasa.\u201c<\/a>&nbsp;&nbsp;\u00d5htuleht<\/li>\n<li><a href=\"https:\/\/news.google.com\/rss\/articles\/CBMiP0FVX3lxTE5rSnRNSnA3RTZweS1GTXotbWRzeWVqbTRYYUhfT0dMVGhud3hRS09Qc004M3owbkpSVlFwdTlZNA?oc=5\" target=\"_blank\" rel=\"nofollow noopener\">Toomas Pauli m\u00e4lestades<\/a>&nbsp;&nbsp;Uudis.net<\/li>\n<\/ol>\n","protected":false},"excerpt":{"rendered":"H\u00dcVASTI, TOOMAS PAUL! | \u00c4ra karda valgust. Mine valgusesse. \u00c4ra p\u00f5gene&nbsp;&nbsp;Maaleht Trump: \u00fche laeva r\u00fcndamine Iraani poolt v\u00f5rdub&hellip;\n","protected":false},"author":2,"featured_media":234417,"comment_status":"","ping_status":"","sticky":false,"template":"","format":"standard","meta":{"footnotes":"","_share_on_mastodon":"0"},"categories":[12],"tags":[26,27,37,33,35,34,36,31,32,21,28,29,19,25,92097,23,24,22,20,30],"class_list":["post-234416","post","type-post","status-publish","format-standard","has-post-thumbnail","category-eesti","tag-breaking-news","tag-breakingnews","tag-ee","tag-eesti","tag-eesti-keel","tag-estonia","tag-estonian","tag-featured-news","tag-featurednews","tag-headlines","tag-latest-news","tag-latestnews","tag-news","tag-populaarseimad-lood","tag-toomas-paul","tag-top-stories","tag-topstories","tag-uldised-uudised","tag-uudised","tag-viimased-uudised"],"share_on_mastodon":{"url":"https:\/\/pubeurope.com\/@ee\/116965776195924691","error":""},"_links":{"self":[{"href":"https:\/\/www.europesays.com\/ee\/wp-json\/wp\/v2\/posts\/234416","targetHints":{"allow":["GET"]}}],"collection":[{"href":"https:\/\/www.europesays.com\/ee\/wp-json\/wp\/v2\/posts"}],"about":[{"href":"https:\/\/www.europesays.com\/ee\/wp-json\/wp\/v2\/types\/post"}],"author":[{"embeddable":true,"href":"https:\/\/www.europesays.com\/ee\/wp-json\/wp\/v2\/users\/2"}],"replies":[{"embeddable":true,"href":"https:\/\/www.europesays.com\/ee\/wp-json\/wp\/v2\/comments?post=234416"}],"version-history":[{"count":0,"href":"https:\/\/www.europesays.com\/ee\/wp-json\/wp\/v2\/posts\/234416\/revisions"}],"wp:featuredmedia":[{"embeddable":true,"href":"https:\/\/www.europesays.com\/ee\/wp-json\/wp\/v2\/media\/234417"}],"wp:attachment":[{"href":"https:\/\/www.europesays.com\/ee\/wp-json\/wp\/v2\/media?parent=234416"}],"wp:term":[{"taxonomy":"category","embeddable":true,"href":"https:\/\/www.europesays.com\/ee\/wp-json\/wp\/v2\/categories?post=234416"},{"taxonomy":"post_tag","embeddable":true,"href":"https:\/\/www.europesays.com\/ee\/wp-json\/wp\/v2\/tags?post=234416"}],"curies":[{"name":"wp","href":"https:\/\/api.w.org\/{rel}","templated":true}]}}