{"id":234463,"date":"2026-07-23T00:52:11","date_gmt":"2026-07-23T00:52:11","guid":{"rendered":"https:\/\/www.europesays.com\/ee\/234463\/"},"modified":"2026-07-23T00:52:11","modified_gmt":"2026-07-23T00:52:11","slug":"tartu-uuriturul-on-kodu-otsivate-tudengite-tottu-katte-joudnud-korghooaeg-eesti","status":"publish","type":"post","link":"https:\/\/www.europesays.com\/ee\/234463\/","title":{"rendered":"Tartu \u00fc\u00fcriturul on kodu otsivate tudengite t\u00f5ttu k\u00e4tte j\u00f5udnud k\u00f5rghooaeg | Eesti"},"content":{"rendered":"<p>Tartu \u00fc\u00fcriturul on aasta aktiivseim periood, mil \u00fcli\u00f5pilased otsivad s\u00fcgiseks elukohta. Erakorterite pakkumine on k\u00fcll veidi kasvanud, kuid soodsate elamispindade leidmine on endiselt keeruline. Suur n\u00f5udlus p\u00fcsib ka \u00fchiselamukohtade j\u00e4rele, kus tudengid eelistavad \u00fcha enam privaatsust.<\/p>\n<p>Tartu \u00fc\u00fcriturul on k\u00e4es tudengite elukohaotsingute k\u00f5rghooaeg. Enamik tudengeid otsib lihtsamat, \u00fche- v\u00f5i kahetoalist korterit hinnavahemikus 300 kuni 500 eurot kuus.<\/p>\n<p>Kinnisvarab\u00fcroo Arco Vara osanik Peep-Ain Saare s\u00f5nul soovitakse tihtipeale s\u00f5lmida \u00fc\u00fcrileping kohe, kuid maksma tahetakse hakata alles augusti l\u00f5pust. Tavaliselt see l\u00e4bi ei l\u00e4he.<\/p>\n<p>Tartus on praegu pakkumisel ligi 500 \u00fc\u00fcrikorterit, mis on veidi enam kui m\u00f6\u00f6dunud aastal. Samal ajal on noored kliendid muutunud elamispindade suhtes n\u00f5udlikumaks: korter peab olema renoveeritud ning \u00f5ppehoonele l\u00e4hedal.<\/p>\n<p>&#8220;Pakkumisi on pigem natuke juurde tulnud, sellep\u00e4rast on v\u00f5imalik lihtsamalt saada. Aga sa pead olema valmis, et maksad siis natukene rohkem,&#8221; \u00fctles Saar.<\/p>\n<p>Ehkki energiahindade t\u00f5ttu on ka \u00fchiselamute \u00fc\u00fcrid umbes viis protsenti kerkinud, p\u00fcsib tung. Lisaks hinnale j\u00e4lgivad noored Maa\u00fclikooli Rohemu linnaku tegevjuht Roland Aik Kask \u00fcha hoolikamalt aga ka seda, millist elukeskkonda maja pakub.<\/p>\n<p>&#8220;Kasvavas joones on n\u00f5udlus privaatsematele tubadele ehk meie m\u00f5istes stuudiokorteritele v\u00f5i siis jagatud korteritele, kus on privaatsed toad,&#8221; selgitas Kask.<\/p>\n<p>Tartu \u00fclikooli \u00fchiselamutesse on praeguseks laekunud \u00fcle 700 taotluse umbes 600 vabale kohale. Maa\u00fclikooli \u00fcli\u00f5pilaskodus on uusi kohataotlejaid \u00fcle 300. Kuigi esimese hooga \u00fcletab soovijate arv vabade kohtade arvu, liiguvad nimekirjad s\u00fcgise edenedes kiiresti.<\/p>\n<p>&#8220;Tihtipeale loobutakse kohtadest, kui ei saa sinna elamusse kohta, kuhu soovitakse. Lisaks praegused tudengid, kes elavad juba \u00fcli\u00f5pilaselamus, l\u00f5petavad ka lepinguid meile ootamatult. Nemad v\u00f5ivad l\u00f5petada 30-p\u00e4evase etteteatamisega oma lepingu ja siis koht vabaneb,&#8221; selgitas \u00fclikooli \u00fcli\u00f5pilask\u00fcla kliendihaldur Kristina Einaru.<\/p>\n<p>Nii maaklerite kui ka \u00fcli\u00f5pilask\u00fclade kinnitusel pilt aga s\u00fcgise saabudes selgib ning sobiva lahenduseni j\u00f5uavad l\u00f5puks k\u00f5ik Tartusse suunduvad noored.<\/p>\n","protected":false},"excerpt":{"rendered":"Tartu \u00fc\u00fcriturul on aasta aktiivseim periood, mil \u00fcli\u00f5pilased otsivad s\u00fcgiseks elukohta. Erakorterite pakkumine on k\u00fcll veidi kasvanud, kuid&hellip;\n","protected":false},"author":2,"featured_media":234464,"comment_status":"","ping_status":"","sticky":false,"template":"","format":"standard","meta":{"footnotes":"","_share_on_mastodon":"0"},"categories":[5],"tags":[1883,26,27,37,33,35,34,36,31,32,21,28,29,3448,19,25,249,2424,93590,23,24,93591,22,4681,20,30],"class_list":["post-234463","post","type-post","status-publish","format-standard","has-post-thumbnail","category-uldised-uudised","tag-arco-vara","tag-breaking-news","tag-breakingnews","tag-ee","tag-eesti","tag-eesti-keel","tag-estonia","tag-estonian","tag-featured-news","tag-featurednews","tag-headlines","tag-latest-news","tag-latestnews","tag-maaulikool","tag-news","tag-populaarseimad-lood","tag-tartu","tag-tartu-ulikool","tag-tartu-uuriturg","tag-top-stories","tag-topstories","tag-uhikad","tag-uldised-uudised","tag-uliopilased","tag-uudised","tag-viimased-uudised"],"share_on_mastodon":{"url":"https:\/\/pubeurope.com\/@ee\/116966558626700104","error":""},"_links":{"self":[{"href":"https:\/\/www.europesays.com\/ee\/wp-json\/wp\/v2\/posts\/234463","targetHints":{"allow":["GET"]}}],"collection":[{"href":"https:\/\/www.europesays.com\/ee\/wp-json\/wp\/v2\/posts"}],"about":[{"href":"https:\/\/www.europesays.com\/ee\/wp-json\/wp\/v2\/types\/post"}],"author":[{"embeddable":true,"href":"https:\/\/www.europesays.com\/ee\/wp-json\/wp\/v2\/users\/2"}],"replies":[{"embeddable":true,"href":"https:\/\/www.europesays.com\/ee\/wp-json\/wp\/v2\/comments?post=234463"}],"version-history":[{"count":0,"href":"https:\/\/www.europesays.com\/ee\/wp-json\/wp\/v2\/posts\/234463\/revisions"}],"wp:featuredmedia":[{"embeddable":true,"href":"https:\/\/www.europesays.com\/ee\/wp-json\/wp\/v2\/media\/234464"}],"wp:attachment":[{"href":"https:\/\/www.europesays.com\/ee\/wp-json\/wp\/v2\/media?parent=234463"}],"wp:term":[{"taxonomy":"category","embeddable":true,"href":"https:\/\/www.europesays.com\/ee\/wp-json\/wp\/v2\/categories?post=234463"},{"taxonomy":"post_tag","embeddable":true,"href":"https:\/\/www.europesays.com\/ee\/wp-json\/wp\/v2\/tags?post=234463"}],"curies":[{"name":"wp","href":"https:\/\/api.w.org\/{rel}","templated":true}]}}