{"id":234478,"date":"2026-07-23T02:20:17","date_gmt":"2026-07-23T02:20:17","guid":{"rendered":"https:\/\/www.europesays.com\/ee\/234478\/"},"modified":"2026-07-23T02:20:17","modified_gmt":"2026-07-23T02:20:17","slug":"eesti-kaitsetoostuse-kaive-paisus-ukraina-soja-toel-seitsmekordseks","status":"publish","type":"post","link":"https:\/\/www.europesays.com\/ee\/234478\/","title":{"rendered":"Eesti kaitset\u00f6\u00f6stuse k\u00e4ive paisus Ukraina s\u00f5ja toel seitsmekordseks"},"content":{"rendered":"<p class=\"text-muted-foreground text-[15px] leading-relaxed\">Eesti kaitse- ja julgeolekusektori k\u00e4ive on viimase nelja aasta jooksul kasvanud ligi seitse korda, ulatudes 2025. aastaks 750 miljoni euroni, kusjuures kaks kolmandikku tulust p\u00e4rineb ekspordist, mis n\u00e4itab sektori kiiret kohanemist ja rahvusvahelist n\u00f5udlust.<\/p>\n<p><a class=\"border-border\/60 hover:border-foreground\/30 focus-visible:ring-foreground\/30 mt-3 flex items-center justify-between gap-3 border px-3 py-2 font-mono text-[10px] font-medium uppercase tracking-wide transition-colors duration-150 focus-visible:outline-none focus-visible:ring-2\" data-sentry-element=\"Link\" data-sentry-component=\"StoryCirculationTeaser\" data-sentry-source-file=\"StoryCirculation.tsx\" href=\"https:\/\/shortl.ee\/et\/estonia\/2026-07-22\" rel=\"nofollow noopener\" target=\"_blank\">EILE \u00b7 20 LUGU \u00b7 t\u00e4nane v\u00e4ljaanne t\u00e4ienebVaata \u00fcle<\/a><\/p>\n<ul class=\"space-y-3 text-[15px] leading-relaxed\">\n<li class=\"flex gap-3\">\u2014Eesti kaitse- ja julgeolekusektori k\u00e4ive on viimase nelja aasta jooksul kasvanud ligi seitse korda, ulatudes 2025. aastal ligikaudu 750 miljoni euroni, millest kaks kolmandikku moodustab eksport.<\/li>\n<li class=\"flex gap-3\">\u2014Sektori k\u00e4ive peaks j\u00e4rgmiseks aastaks \u00fcletama miljardi euro piiri, mis viitab j\u00e4tkuvale kasvule.<\/li>\n<li class=\"flex gap-3\">\u2014K\u00e4imasolev Ukraina s\u00f5da on muutnud kaitset\u00f6\u00f6stuse uute tehnoloogiate katsepol\u00fcgooniks, kiirendades innovatsiooni ja tarkvarauuendusi, mis j\u00f5uavad kiiresti rindele.<\/li>\n<li class=\"flex gap-3\">\u2014Eesti ettev\u00f5tted integreerivad traditsioonilist rasket\u00f6\u00f6stust arenenud k\u00fcberkaitse ja uute tehnoloogiatega, sealhulgas idufirmadega, et kasvu edendada.<\/li>\n<li class=\"flex gap-3\">\u2014Riik teeb edusamme ka kosmoset\u00f6\u00f6stuses, tootes maailmatasemel satelliitkaameraid, andmet\u00f6\u00f6tlus- ja k\u00fcberlahendusi, millel on \u00fcha suurem s\u00f5jaline ja julgeolekualane rakendus.<\/li>\n<\/ul>\n","protected":false},"excerpt":{"rendered":"Eesti kaitse- ja julgeolekusektori k\u00e4ive on viimase nelja aasta jooksul kasvanud ligi seitse korda, ulatudes 2025. aastaks 750&hellip;\n","protected":false},"author":2,"featured_media":234479,"comment_status":"","ping_status":"","sticky":false,"template":"","format":"standard","meta":{"footnotes":"","_share_on_mastodon":"0"},"categories":[5],"tags":[26,27,37,33,35,1850,34,36,31,32,21,7165,498,2164,93597,21640,28,29,2198,19,25,372,23,24,124,22,20,30],"class_list":["post-234478","post","type-post","status-publish","format-standard","has-post-thumbnail","category-uldised-uudised","tag-breaking-news","tag-breakingnews","tag-ee","tag-eesti","tag-eesti-keel","tag-eksport","tag-estonia","tag-estonian","tag-featured-news","tag-featurednews","tag-headlines","tag-investeeringud","tag-julgeolek","tag-kaitsetoostus","tag-kosmosetoostus","tag-kuberkaitse","tag-latest-news","tag-latestnews","tag-majanduskasv","tag-news","tag-populaarseimad-lood","tag-tehnoloogia","tag-top-stories","tag-topstories","tag-ukraina-soda","tag-uldised-uudised","tag-uudised","tag-viimased-uudised"],"share_on_mastodon":{"url":"https:\/\/pubeurope.com\/@ee\/116966904565419162","error":""},"_links":{"self":[{"href":"https:\/\/www.europesays.com\/ee\/wp-json\/wp\/v2\/posts\/234478","targetHints":{"allow":["GET"]}}],"collection":[{"href":"https:\/\/www.europesays.com\/ee\/wp-json\/wp\/v2\/posts"}],"about":[{"href":"https:\/\/www.europesays.com\/ee\/wp-json\/wp\/v2\/types\/post"}],"author":[{"embeddable":true,"href":"https:\/\/www.europesays.com\/ee\/wp-json\/wp\/v2\/users\/2"}],"replies":[{"embeddable":true,"href":"https:\/\/www.europesays.com\/ee\/wp-json\/wp\/v2\/comments?post=234478"}],"version-history":[{"count":0,"href":"https:\/\/www.europesays.com\/ee\/wp-json\/wp\/v2\/posts\/234478\/revisions"}],"wp:featuredmedia":[{"embeddable":true,"href":"https:\/\/www.europesays.com\/ee\/wp-json\/wp\/v2\/media\/234479"}],"wp:attachment":[{"href":"https:\/\/www.europesays.com\/ee\/wp-json\/wp\/v2\/media?parent=234478"}],"wp:term":[{"taxonomy":"category","embeddable":true,"href":"https:\/\/www.europesays.com\/ee\/wp-json\/wp\/v2\/categories?post=234478"},{"taxonomy":"post_tag","embeddable":true,"href":"https:\/\/www.europesays.com\/ee\/wp-json\/wp\/v2\/tags?post=234478"}],"curies":[{"name":"wp","href":"https:\/\/api.w.org\/{rel}","templated":true}]}}