{"id":234505,"date":"2026-07-23T03:22:16","date_gmt":"2026-07-23T03:22:16","guid":{"rendered":"https:\/\/www.europesays.com\/ee\/234505\/"},"modified":"2026-07-23T03:22:16","modified_gmt":"2026-07-23T03:22:16","slug":"aserid-ei-hellita-vastu-nappe-saanud-paide-peab-uuesti-eurojanese-kubarast-tombama-soccernet-ee","status":"publish","type":"post","link":"https:\/\/www.europesays.com\/ee\/234505\/","title":{"rendered":"Aserid ei hellita, vastu n\u00e4ppe saanud Paide peab uuesti euroj\u00e4nese k\u00fcbarast t\u00f5mbama &#8211; Soccernet.ee"},"content":{"rendered":"<p><a href=\"https:\/\/soccernet.ee\/fotod\/knvl-paide-linnameeskond-fc-hegelmann\" rel=\"nofollow noopener\" target=\"_blank\"><img decoding=\"async\" src=\"https:\/\/www.europesays.com\/ee\/wp-content\/uploads\/2026\/07\/1784234139.jpg\" alt=\"Paide peab tagasil\u00f6\u00f6gi j\u00e4rel uuesti hoo leidma. Foto: Svetlana Valijeva\"\/><\/a>&#13;\n<\/p>\n<p>Paide Linnameeskonna suurim vaenlane on sel hooajal taas Paide Linnameeskond ise. Nagu mitmel varasemalgi hooajal, t\u00f5estati siiski t\u00e4navugi juba korra, et eurosarjaks suudetakse end k\u00f5ikidest muudest muredest hoolimata kokku v\u00f5tta. N\u00fc\u00fcd tuleb seda taas teha, aga vastane pole pehmest puust.<\/p>\n<p>Avaringis vastu tulnud leedulaste Hegelmann osutus l\u00f5puks kergesti murtavaks, sest avam\u00e4ngu 1:1 viigi j\u00e4rel oldi n\u00e4dal hiljem P\u00e4rnus k\u00fclalistest kindlalt 3:0 \u00fcle. \u00d5htu peakangelaseks osutus Modou Sohna, kes l\u00f5i ise esimese v\u00e4rava, andis s\u00f6\u00f6du teisele ja teenis l\u00f5puks ka kolmandani viinud karistusl\u00f6\u00f6gi.&#13;\n<\/p>\n<p>N\u00fc\u00fcd s\u00f5idab k\u00fclla aserite Zira, aga Paide on vahepeal j\u00f5udnud endale taas ise halle karvu juurde tekitada. N\u00e4dalavahetusel j\u00e4\u00e4di koduliigas Harju JK Laagri vastu juba m\u00f5nek\u00fcmne minutiga kolmev\u00e4ravalisse kaotusseisu, lasti endale avapoolajaga l\u00fc\u00fca suisa viis v\u00e4ravat ja kaotati 2:5. Algkoosseisus tervelt \u00fcheksa muudatust teinud peatreener Tarmo Kink v\u00f5ttis vastutuse k\u00fcll enda \u00f5lule, aga v\u00e4hemalt samav\u00f5rd oli peeglisse vaatamiseks p\u00f5hjust ka m\u00e4ngijatel, sest platsile jooksnud kogenud meeste uhkus ei oleks sellist lagunemist tohtinud lubada.&#13;\n<\/p>\n<p>P\u00e4ev enne Konverentsiliiga teise eelringi kohtumist Ziraga nentis Kink, et p\u00fchap\u00e4evasesse sauna pole tark liialt kinni j\u00e4\u00e4da. &#8220;Hea ta kindlasti pole, vabandusi pole ja ei peagi olema. Peame ise vastutama,&#8221; t\u00f5des Paide peatreener. &#8220;Aga v\u00e4ga pikalt ei olnud m\u00f5tet r\u00e4\u00e4kida. Meil on vaja keskenduda uuele m\u00e4ngule ja uuele sarjale.&#8221;<\/p>\n<p>Mullu koduliigas viienda koha saanud Zira pidas suvepuhkuse j\u00e4rel kaks esimest ametlikku kohtumist samuti Konverentsiliigas, sest avaringis alistati Kutaisi Torpedo nii kodus kui ka v\u00f5\u00f5rsil 3:0. Avam\u00e4ngus l\u00f5i kaks v\u00e4ravat brasiillasest keskkaitsja Ruan Renato, kelle arvele kanti eelmisel hooajal koduliigas meeskonna parimana suisa kaheksa tabamust. Teises kohtumises s\u00e4ras kahe v\u00e4ravaga 23-aastane t\u00fcrklasest r\u00fcndaja Eren Aydin.&#13;\n<\/p>\n<p>Kingi s\u00f5nul on tal vastase kohta piisavalt materjali ning tegu on organiseeritud ja distsiplineeritud meeskonnaga. &#8220;Oskavad palliga m\u00e4ngida, aga kaitsesse t\u00f6\u00f6tamisega neil samuti probleeme pole. Nad on ohtlikud ka \u00fcleminekutes, v\u00e4lismaalasi on meeskonnas omajagu. Tehniliselt v\u00f5imekas meeskond, hoiavad oma struktuuri. Peatreener on pikalt ametis olnud, see n\u00e4itab ka midagi,&#8221; lisas ta.&#13;\n<\/p>\n<p>Suurkuju peatreeneriks&#13;\n<\/p>\n<p>44-aastane Rashad Sad\u00f5gov, kellel t\u00e4itus m\u00f5ni p\u00e4ev tagasi Zira t\u00fc\u00fcri juures juba kuues aasta, on aserite legend. Rekordinternatsionaalina on ta kodumaa koondist esindanud 111 korral, olles ainsana \u00fcletanud saja m\u00e4ngu piiri. M\u00e4ngijakarj\u00e4\u00e4ri jooksul ka T\u00fcrgi k\u00f5rgliigas pallinud Sad\u00f5gov esindas kaheksal viimasel hooajal aserite suurimat klubi, viimase 13 hooajaga 11 tiitlit noppinud Karabahhi.<\/p>\n<p>Korduvalt Euroopa liiga ja l\u00f5puks ka Meistrite liiga p\u00f5hiturniiril m\u00e4nginud Sad\u00f5gov on edukas olnud ka treenerina, sest suutis viia Zira kahel j\u00e4rjestikusel hooajal h\u00f5bemedalile. Eelmine hooaeg l\u00f5petati siiski viiendana ja eurosarja p\u00e4\u00e4seti vaid t\u00e4nu sellele, et pronksikoha saanud Tovuzi Turan j\u00e4i minevikupattude p\u00e4rast sealt k\u00f5rvale. Kahe t\u00e4navuse eurom\u00e4ngu p\u00f5hjal pole suvega meeskonnas palju muutunud &#8211; p\u00f5hiraskust kannavad v\u00e4lismaalased, kellest \u00fcks on Eestiga seejuures t\u00e4navu juba varemgi kokku puutunud. Rwanda keskkaitsja Ange Mutsinzi tegi m\u00e4rtsikuisel FIFA miniturniiril v\u00f5\u00f5rustajate ridades Eesti koondise vastu pea t\u00e4ism\u00e4ngu.&#13;\n<\/p>\n<p><img decoding=\"async\" src=\"https:\/\/www.europesays.com\/ee\/wp-content\/uploads\/2026\/07\/1784762651.jpg\" alt=\"J\u00e4lle see Eesti! M\u00e4rtsis madistas Ange Mutsinzi koondises\u00e4rgis Flora r\u00fcndaja Rauno Sappineniga, n\u00fc\u00fcd saab m\u00f5\u00f5tu v\u00f5tta Paide meestelt. Foto: Liisi Troska \/ jalgpall.ee\"\/>&#13;\n<\/p>\n<p>Aseritest tasub silma peal hoida kogenud \u00e4\u00e4rekaitsjal Gismet Alijevil, kellel samuti servapidi omajagu \u00fchist nii Eesti kui ka P\u00e4rnuga,. Karj\u00e4\u00e4ri algusaastail oli Gabala klubis tema meeskonnakaaslaseks p\u00e4rnakas Sergei Zenjov, kaks aastat tagasi k\u00e4is Alijev aga koondise eest v\u00e4ljakul Lillek\u00fclas, kui Eestile vannuti Rahvuste liigas alla 1:3. Keskv\u00e4ljal t\u00f5mbavad niite Auxerre&#8217;i akadeemiast sirgunud 30-aastane prantslane Brahim Konate ja noorena Porto s\u00fcsteemi kuulunud aastajagu noorem portugallane Vierinha.&#13;\n<\/p>\n<p>Hegelmanni vastu kodus paremuse maksma pannud Paidel tuleb Kingi s\u00f5nul ka n\u00fc\u00fcd minna juba avam\u00e4ngus tegusid tegema, ehkki kohtumiste j\u00e4rjekord on vastupidine. &#8220;L\u00f5puks pole minu jaoks vahet, kas oleme v\u00f5\u00f5rsil v\u00f5i kodus &#8211; peame ikkagi minema julgelt m\u00e4ngima! Karta ei tohi. Mis sa seal v\u00f5\u00f5rsil teed siis &#8211; ei m\u00e4ngi, vaid istud ja ootad? Mida me ootame, j\u00f5ule v\u00f5i?&#8221; k\u00f5las Kingile omaselt v\u00e4rvikas m\u00f5ttek\u00e4ik. &#8220;Peame olema v\u00e4ga fokusseeritud ja distsiplineeritud, siis on k\u00f5ik v\u00f5imalik. Tegu on kindlasti hea vastasega, aga kui meie oleme ka nagu \u00fcks meeskond ja teeme v\u00e4ga hea m\u00e4ngu, ei pea kedagi kartma,&#8221; lausus ta.<\/p>\n<p>Kink m\u00e4rkis, et FCI Levadia \u00e4sjane edu G\u00f6teborgis v\u00f5iks innustada ka teisi Eesti klubisid. &#8220;Kindlasti see annab eneseusku ka teistele \u2013 on v\u00f5imalik m\u00e4ngida! V\u00f5iks anda meile ka v\u00e4ikese s\u00fcsti, kui teeme t\u00f6\u00f6d nii nagu peame. Pead uskuma, aga tuleb olla ka tark,&#8221; s\u00f5nastas Kink m\u00f5ttetera.&#13;\n<\/p>\n<p>Paide Linnameeskonna ja Zira FK vaheline Konverentsiliiga teise eelringi avakohtumine algab neljap\u00e4eva \u00f5htul P\u00e4rnu Rannastaadionil kell 19.00. Soccernet TV n\u00e4itab m\u00e4ngu otsepildis.&#13;<\/p>\n","protected":false},"excerpt":{"rendered":"&#13; Paide Linnameeskonna suurim vaenlane on sel hooajal taas Paide Linnameeskond ise. Nagu mitmel varasemalgi hooajal, t\u00f5estati siiski&hellip;\n","protected":false},"author":2,"featured_media":234506,"comment_status":"","ping_status":"","sticky":false,"template":"","format":"standard","meta":{"footnotes":"","_share_on_mastodon":"0"},"categories":[18],"tags":[6648,37,33,35,34,36,22419,7310,907,501,159,158,93560,93598],"class_list":["post-234505","post","type-post","status-publish","format-standard","has-post-thumbnail","category-sport","tag-aserbaidzaan","tag-ee","tag-eesti","tag-eesti-keel","tag-estonia","tag-estonian","tag-eurosari","tag-konverentsiliiga","tag-paide","tag-paide-linnameeskond","tag-sport","tag-sports","tag-zira","tag-zira-fk"],"share_on_mastodon":{"url":"https:\/\/pubeurope.com\/@ee\/116967148364455641","error":""},"_links":{"self":[{"href":"https:\/\/www.europesays.com\/ee\/wp-json\/wp\/v2\/posts\/234505","targetHints":{"allow":["GET"]}}],"collection":[{"href":"https:\/\/www.europesays.com\/ee\/wp-json\/wp\/v2\/posts"}],"about":[{"href":"https:\/\/www.europesays.com\/ee\/wp-json\/wp\/v2\/types\/post"}],"author":[{"embeddable":true,"href":"https:\/\/www.europesays.com\/ee\/wp-json\/wp\/v2\/users\/2"}],"replies":[{"embeddable":true,"href":"https:\/\/www.europesays.com\/ee\/wp-json\/wp\/v2\/comments?post=234505"}],"version-history":[{"count":0,"href":"https:\/\/www.europesays.com\/ee\/wp-json\/wp\/v2\/posts\/234505\/revisions"}],"wp:featuredmedia":[{"embeddable":true,"href":"https:\/\/www.europesays.com\/ee\/wp-json\/wp\/v2\/media\/234506"}],"wp:attachment":[{"href":"https:\/\/www.europesays.com\/ee\/wp-json\/wp\/v2\/media?parent=234505"}],"wp:term":[{"taxonomy":"category","embeddable":true,"href":"https:\/\/www.europesays.com\/ee\/wp-json\/wp\/v2\/categories?post=234505"},{"taxonomy":"post_tag","embeddable":true,"href":"https:\/\/www.europesays.com\/ee\/wp-json\/wp\/v2\/tags?post=234505"}],"curies":[{"name":"wp","href":"https:\/\/api.w.org\/{rel}","templated":true}]}}