{"id":234590,"date":"2026-07-23T05:46:11","date_gmt":"2026-07-23T05:46:11","guid":{"rendered":"https:\/\/www.europesays.com\/ee\/234590\/"},"modified":"2026-07-23T05:46:11","modified_gmt":"2026-07-23T05:46:11","slug":"vannineni-endine-treener-peab-erki-noolega-koostoo-lopetamist-julgeks-otsuseks","status":"publish","type":"post","link":"https:\/\/www.europesays.com\/ee\/234590\/","title":{"rendered":"Vannineni endine treener peab Erki Noolega koost\u00f6\u00f6 l\u00f5petamist julgeks otsuseks"},"content":{"rendered":"<p>23-aastane Vanninen teatas teisip\u00e4eval, et l\u00f5petab Noolega koost\u00f6\u00f6 ja alustab treenimist Jarno Koivuneni juhitud treenerite meeskonnas, kuhu kuuluvad ka Mika L\u00f6nnblad, Tuomas Laaksonen, Johan Meriluoto ja Susann Sundkvist.<\/p>\n<p>\u201eMingil hetkel tuleb otsuseid langetada. Ma arvan, et see on hea ja julge otsus julgeda muudatusi teha, kui sa m\u00f5istad, et asjad ei toimi,\u201c \u00fctles Jokinen <a rel=\"noopener follow nofollow\" target=\"_blank\" href=\"https:\/\/yle.fi\/a\/74-20237456\" data-rel-date-range=\"[]\">Yle-le<\/a>. \u201eMa ei arvanud, et Saga jaoks on parim teha nii karmi jooksutreeningut. Ma ei olnud selle suurim toetaja, seega v\u00f5ib-olla ka sellest vaatenurgast on muutus hea.\u201c<\/p>\n<p>Vanninen \u00fctles teisip\u00e4eval pressiteate vahendusel, et tundis vajadust kodusema treeningkeskkonna ja l\u00e4hedaste inimeste j\u00e4rele. Edaspidi ei pea mitmev\u00f5istleja enam Tallinna ja Soome vahet reisima. <\/p>\n<p>Jokineni s\u00f5nul on Vannineni jaoks \u2013 nagu paljude teiste noorte sportlaste jaoks \u2013 oluline nautida elu ka v\u00e4ljaspool treeninguid. <\/p>\n<p>\u201eIsegi treenerid ei pruugi alati aru saada, kui oluline on treeninguv\u00e4line keskkond. Minu arvates on see t\u00f5esti oluline. Turu on tuttavam keskkond kui Tallinn ja v\u00f5imaldab n\u00e4ha oma l\u00e4hedasi.\u201c<\/p>\n<p>Koivuneni juhitud treenerite meeskonnas aitab L\u00f6nnblad koos Koivuneniga Vannineni kuulit\u00f5ukes ja j\u00f5utreeningutel, Meriluoto hoolitseb koos Koivuneniga kaugush\u00fcppe ja kiirustreeningu eest, Sundkvist pakub tehnilist abi k\u00f5rgush\u00fcppes ja Laaksonen odaviskes.<\/p>\n<p>Jokinen usub, et muutusel on Vannineni tulemustele positiivne m\u00f5ju. Samas on suurel grupil omad raskused, kuna kogu meeskonna juhtimine n\u00f5uab palju t\u00f6\u00f6d. <\/p>\n<p>Koivunen t\u00f6\u00f6tab \u00fchtlasi ka Soome ol\u00fcmpiakomitee tippspordijuhina.<\/p>\n<p>Jokineni s\u00f5nul on oluline, et Koivunen saaks Vannineni treeningutel v\u00f5imalikult palju ise kohal olla, et s\u00e4ilitada sportlasega igak\u00fclgne side. Lisaks tuleks meeles pidada, et treening oleks alguses piisavalt kerge, et Vanninen saaks oma vaevustest ja v\u00f5imalikust \u00fclekoormusest taastuda. <\/p>\n<p>\u201eAlguses on vaja kannatlikkust ja visadust, et keha treeningut uuesti omaks v\u00f5taks,\u201c \u00fctles Jokinen.<\/p>\n<p>T\u00e4navuse hooaja kuulutas Vanninen l\u00f5ppenuks juba juuni l\u00f5pus.<\/p>\n<p>Noole k\u00e4e all treenides tuli Vanninen nii sisemaailmameistriks kui Euroopa sisemeistriks ning krooniti ka U23 Euroopa meistriks. <\/p>\n<p>Kuidas see lugu Sind end tundma pani? Saada <a href=\"https:\/\/sport.delfi.ee\/artikkel\/120599059\/vannineni-endine-treener-peab-erki-noolega-koostoo-lopetamist-julgeks-otsuseks\/kommentaarid\" class=\"article-body-bottom__comment article-body-bottom__comment--write button button--primary button--size-auto\" rel=\"nofollow noopener\" target=\"_blank\"> Kommenteeri <\/a><a href=\"https:\/\/sport.delfi.ee\/artikkel\/120599059\/vannineni-endine-treener-peab-erki-noolega-koostoo-lopetamist-julgeks-otsuseks\/kommentaarid\" class=\"article-body-bottom__comment article-body-bottom__comment--read button button--size-auto\" rel=\"nofollow noopener\" target=\"_blank\"> Loe kommentaare (2)<\/a><\/p>\n","protected":false},"excerpt":{"rendered":"23-aastane Vanninen teatas teisip\u00e4eval, et l\u00f5petab Noolega koost\u00f6\u00f6 ja alustab treenimist Jarno Koivuneni juhitud treenerite meeskonnas, kuhu kuuluvad&hellip;\n","protected":false},"author":2,"featured_media":234591,"comment_status":"","ping_status":"","sticky":false,"template":"","format":"standard","meta":{"footnotes":"","_share_on_mastodon":"0"},"categories":[18],"tags":[37,33,35,38,34,36,983,39,159,158],"class_list":["post-234590","post","type-post","status-publish","format-standard","has-post-thumbnail","category-sport","tag-ee","tag-eesti","tag-eesti-keel","tag-erki-nool","tag-estonia","tag-estonian","tag-kergejoustik","tag-saga-vanninen","tag-sport","tag-sports"],"share_on_mastodon":{"url":"https:\/\/pubeurope.com\/@ee\/116967714516665329","error":""},"_links":{"self":[{"href":"https:\/\/www.europesays.com\/ee\/wp-json\/wp\/v2\/posts\/234590","targetHints":{"allow":["GET"]}}],"collection":[{"href":"https:\/\/www.europesays.com\/ee\/wp-json\/wp\/v2\/posts"}],"about":[{"href":"https:\/\/www.europesays.com\/ee\/wp-json\/wp\/v2\/types\/post"}],"author":[{"embeddable":true,"href":"https:\/\/www.europesays.com\/ee\/wp-json\/wp\/v2\/users\/2"}],"replies":[{"embeddable":true,"href":"https:\/\/www.europesays.com\/ee\/wp-json\/wp\/v2\/comments?post=234590"}],"version-history":[{"count":0,"href":"https:\/\/www.europesays.com\/ee\/wp-json\/wp\/v2\/posts\/234590\/revisions"}],"wp:featuredmedia":[{"embeddable":true,"href":"https:\/\/www.europesays.com\/ee\/wp-json\/wp\/v2\/media\/234591"}],"wp:attachment":[{"href":"https:\/\/www.europesays.com\/ee\/wp-json\/wp\/v2\/media?parent=234590"}],"wp:term":[{"taxonomy":"category","embeddable":true,"href":"https:\/\/www.europesays.com\/ee\/wp-json\/wp\/v2\/categories?post=234590"},{"taxonomy":"post_tag","embeddable":true,"href":"https:\/\/www.europesays.com\/ee\/wp-json\/wp\/v2\/tags?post=234590"}],"curies":[{"name":"wp","href":"https:\/\/api.w.org\/{rel}","templated":true}]}}