{"id":234686,"date":"2026-07-23T07:40:15","date_gmt":"2026-07-23T07:40:15","guid":{"rendered":"https:\/\/www.europesays.com\/ee\/234686\/"},"modified":"2026-07-23T07:40:15","modified_gmt":"2026-07-23T07:40:15","slug":"sten-priinits-ja-kasper-tafenau-paasesid-vehklemise-mmil-pohiturniirile","status":"publish","type":"post","link":"https:\/\/www.europesays.com\/ee\/234686\/","title":{"rendered":"Sten Priinits ja Kasper Tafenau p\u00e4\u00e4sesid vehklemise MMil p\u00f5hiturniirile"},"content":{"rendered":"<p>Priinits ja Tafenau said m\u00f5lemad t\u00e4nasel alagrupiturniiril viis v\u00f5itu ja \u00fche kaotuse ning tagasid sellega p\u00e4\u00e4su 64 parema hulka. <\/p>\n<p>Edasi ei p\u00e4\u00e4senud Oliver Laasik ja Markus Salm, kes piirdusid eelv\u00f5istlusel vastavalt kahe ja \u00fche v\u00f5iduga. <\/p>\n<p>Lehis, Embrich ja Zuikova vehklevad p\u00f5hiturniiril laup\u00e4eval, meeste p\u00f5hiturniir peetakse p\u00fchap\u00e4eval.<\/p>\n<p>Kuidas see lugu Sind end tundma pani? Saada <a href=\"https:\/\/sport.delfi.ee\/artikkel\/120599087\/sten-priinits-ja-kasper-tafenau-paasesid-vehklemise-mmil-pohiturniirile\/kommentaarid\" class=\"article-body-bottom__comment article-body-bottom__comment--write button button--primary button--size-auto\" rel=\"nofollow noopener\" target=\"_blank\"> Kommenteeri <\/a><a href=\"https:\/\/sport.delfi.ee\/artikkel\/120599087\/sten-priinits-ja-kasper-tafenau-paasesid-vehklemise-mmil-pohiturniirile\/kommentaarid\" class=\"article-body-bottom__comment article-body-bottom__comment--read button button--size-auto\" rel=\"nofollow noopener\" target=\"_blank\"> Loe kommentaare <\/a><\/p>\n","protected":false},"excerpt":{"rendered":"Priinits ja Tafenau said m\u00f5lemad t\u00e4nasel alagrupiturniiril viis v\u00f5itu ja \u00fche kaotuse ning tagasid sellega p\u00e4\u00e4su 64 parema&hellip;\n","protected":false},"author":2,"featured_media":234687,"comment_status":"","ping_status":"","sticky":false,"template":"","format":"standard","meta":{"footnotes":"","_share_on_mastodon":"0"},"categories":[5],"tags":[26,27,37,33,35,34,36,31,32,21,6342,24359,6345,28,29,19,25,11176,23,24,22,20,84723,30],"class_list":["post-234686","post","type-post","status-publish","format-standard","has-post-thumbnail","category-uldised-uudised","tag-breaking-news","tag-breakingnews","tag-ee","tag-eesti","tag-eesti-keel","tag-estonia","tag-estonian","tag-featured-news","tag-featurednews","tag-headlines","tag-irina-embrich","tag-kasper-tafenau","tag-katrina-lehis","tag-latest-news","tag-latestnews","tag-news","tag-populaarseimad-lood","tag-sten-priinits","tag-top-stories","tag-topstories","tag-uldised-uudised","tag-uudised","tag-veronika-zuikova","tag-viimased-uudised"],"share_on_mastodon":{"url":"https:\/\/pubeurope.com\/@ee\/116968162947819391","error":""},"_links":{"self":[{"href":"https:\/\/www.europesays.com\/ee\/wp-json\/wp\/v2\/posts\/234686","targetHints":{"allow":["GET"]}}],"collection":[{"href":"https:\/\/www.europesays.com\/ee\/wp-json\/wp\/v2\/posts"}],"about":[{"href":"https:\/\/www.europesays.com\/ee\/wp-json\/wp\/v2\/types\/post"}],"author":[{"embeddable":true,"href":"https:\/\/www.europesays.com\/ee\/wp-json\/wp\/v2\/users\/2"}],"replies":[{"embeddable":true,"href":"https:\/\/www.europesays.com\/ee\/wp-json\/wp\/v2\/comments?post=234686"}],"version-history":[{"count":0,"href":"https:\/\/www.europesays.com\/ee\/wp-json\/wp\/v2\/posts\/234686\/revisions"}],"wp:featuredmedia":[{"embeddable":true,"href":"https:\/\/www.europesays.com\/ee\/wp-json\/wp\/v2\/media\/234687"}],"wp:attachment":[{"href":"https:\/\/www.europesays.com\/ee\/wp-json\/wp\/v2\/media?parent=234686"}],"wp:term":[{"taxonomy":"category","embeddable":true,"href":"https:\/\/www.europesays.com\/ee\/wp-json\/wp\/v2\/categories?post=234686"},{"taxonomy":"post_tag","embeddable":true,"href":"https:\/\/www.europesays.com\/ee\/wp-json\/wp\/v2\/tags?post=234686"}],"curies":[{"name":"wp","href":"https:\/\/api.w.org\/{rel}","templated":true}]}}