{"id":234727,"date":"2026-07-23T08:35:17","date_gmt":"2026-07-23T08:35:17","guid":{"rendered":"https:\/\/www.europesays.com\/ee\/234727\/"},"modified":"2026-07-23T08:35:17","modified_gmt":"2026-07-23T08:35:17","slug":"zelenskoi-raakis-witkoffi-ja-kushneriga-diplomaatia-taaselustamisest","status":"publish","type":"post","link":"https:\/\/www.europesays.com\/ee\/234727\/","title":{"rendered":"Zelensk\u00f5i r\u00e4\u00e4kis Witkoffi ja Kushneriga diplomaatia taaselustamisest"},"content":{"rendered":"<p>USA juhitud l\u00e4bir\u00e4\u00e4kimised s\u00f5ja l\u00f5petamiseks on toppama j\u00e4\u00e4nud p\u00e4rast seda, kui USA t\u00e4helepanu koondus L\u00e4his-Itta, ja <a rel=\"noopener nofollow\" target=\"_blank\" href=\"https:\/\/www.delfi.ee\/teema\/3\/venemaa\" tag-id=\"3\">Venemaa<\/a> on j\u00e4\u00e4nud kindlaks oma n\u00f5udmistele, millega Ukraina n\u00f5ustuda ei saa.<\/p>\n<p>\u201eMa r\u00e4\u00e4kisin just president Trumpi saadikute Steve Witkoffi ja Jared Kushneriga. See oli hea ja t\u00e4htis vestlus selle \u00fcle, kuidas taaselustada diplomaatia ja tuua rahu l\u00e4hemale,\u201c teatas Zelensk\u00f5i X-is.<\/p>\n<p>\u201eRahu on vaja, rahu koos v\u00e4\u00e4rikusega, ja Ukraina on selleks ammu valmis olnud. Meie meeskonnad on j\u00e4\u00e4nud tihedasse kontakti, et muu hulgas j\u00e4tkata k\u00f5igega, mida me oleme arutanud,\u201c lisas Zelensk\u00f5i.<\/p>\n<p>Kuidas see lugu Sind end tundma pani? Saada <a href=\"https:\/\/www.delfi.ee\/artikkel\/120599063\/zelenskoi-raakis-witkoffi-ja-kushneriga-diplomaatia-taaselustamisest\/kommentaarid\" class=\"article-body-bottom__comment article-body-bottom__comment--write button button--primary button--size-auto\" rel=\"nofollow noopener\" target=\"_blank\"> Kommenteeri <\/a><a href=\"https:\/\/www.delfi.ee\/artikkel\/120599063\/zelenskoi-raakis-witkoffi-ja-kushneriga-diplomaatia-taaselustamisest\/kommentaarid\" class=\"article-body-bottom__comment article-body-bottom__comment--read button button--size-auto\" rel=\"nofollow noopener\" target=\"_blank\"> Loe kommentaare (14)<\/a><\/p>\n","protected":false},"excerpt":{"rendered":"USA juhitud l\u00e4bir\u00e4\u00e4kimised s\u00f5ja l\u00f5petamiseks on toppama j\u00e4\u00e4nud p\u00e4rast seda, kui USA t\u00e4helepanu koondus L\u00e4his-Itta, ja Venemaa on&hellip;\n","protected":false},"author":2,"featured_media":234728,"comment_status":"","ping_status":"","sticky":false,"template":"","format":"standard","meta":{"footnotes":"","_share_on_mastodon":"0"},"categories":[5],"tags":[26,27,324,37,33,35,34,36,31,32,21,8831,4376,28,29,19,25,107,8832,23,24,262,22,325,20,96,30,263],"class_list":["post-234727","post","type-post","status-publish","format-standard","has-post-thumbnail","category-uldised-uudised","tag-breaking-news","tag-breakingnews","tag-donald-trump","tag-ee","tag-eesti","tag-eesti-keel","tag-estonia","tag-estonian","tag-featured-news","tag-featurednews","tag-headlines","tag-jared-kushner","tag-lahis-ida","tag-latest-news","tag-latestnews","tag-news","tag-populaarseimad-lood","tag-soda-ukrainas","tag-steve-witkoff","tag-top-stories","tag-topstories","tag-ukraina","tag-uldised-uudised","tag-usa","tag-uudised","tag-venemaa","tag-viimased-uudised","tag-volodomor-zelenskoi"],"share_on_mastodon":{"url":"https:\/\/pubeurope.com\/@ee\/116968379188103875","error":""},"_links":{"self":[{"href":"https:\/\/www.europesays.com\/ee\/wp-json\/wp\/v2\/posts\/234727","targetHints":{"allow":["GET"]}}],"collection":[{"href":"https:\/\/www.europesays.com\/ee\/wp-json\/wp\/v2\/posts"}],"about":[{"href":"https:\/\/www.europesays.com\/ee\/wp-json\/wp\/v2\/types\/post"}],"author":[{"embeddable":true,"href":"https:\/\/www.europesays.com\/ee\/wp-json\/wp\/v2\/users\/2"}],"replies":[{"embeddable":true,"href":"https:\/\/www.europesays.com\/ee\/wp-json\/wp\/v2\/comments?post=234727"}],"version-history":[{"count":0,"href":"https:\/\/www.europesays.com\/ee\/wp-json\/wp\/v2\/posts\/234727\/revisions"}],"wp:featuredmedia":[{"embeddable":true,"href":"https:\/\/www.europesays.com\/ee\/wp-json\/wp\/v2\/media\/234728"}],"wp:attachment":[{"href":"https:\/\/www.europesays.com\/ee\/wp-json\/wp\/v2\/media?parent=234727"}],"wp:term":[{"taxonomy":"category","embeddable":true,"href":"https:\/\/www.europesays.com\/ee\/wp-json\/wp\/v2\/categories?post=234727"},{"taxonomy":"post_tag","embeddable":true,"href":"https:\/\/www.europesays.com\/ee\/wp-json\/wp\/v2\/tags?post=234727"}],"curies":[{"name":"wp","href":"https:\/\/api.w.org\/{rel}","templated":true}]}}