{"id":234754,"date":"2026-07-23T09:15:15","date_gmt":"2026-07-23T09:15:15","guid":{"rendered":"https:\/\/www.europesays.com\/ee\/234754\/"},"modified":"2026-07-23T09:15:15","modified_gmt":"2026-07-23T09:15:15","slug":"parnu-korvpalliklubi-tugevdas-rivistust-noore-tartu-mangijaga","status":"publish","type":"post","link":"https:\/\/www.europesays.com\/ee\/234754\/","title":{"rendered":"P\u00e4rnu korvpalliklubi tugevdas rivistust noore Tartu m\u00e4ngijaga"},"content":{"rendered":"<p>\u201eS\u00f5lmisime kokkuleppe 21-aastase \u00e4\u00e4rem\u00e4ngija Kaur Erik Suuroruga, kes siirdub P\u00e4rnusse Tartu s\u00fcsteemist,\u201c seisab P\u00e4rnu klubi teates.<\/p>\n<p>199 cm pikkune korvpallur on kogu senise karj\u00e4\u00e4ri veetnud Tartu korvpallis, kuuludes nii Tartu \u00dclikool Maks &amp; Mooritsa meistriliiga meeskonda kui ka Tartu \u00dclikool\/Estiko esiliiga rivistusse. Just esiliigas on Suurorg saanud kanda olulist rolli, n\u00e4idates stabiilselt mitmek\u00fclgset m\u00e4ngu ning kogudes v\u00e4\u00e4rtuslikku kogemust.<\/p>\n<p>Peatreener Kristjan Evart: \u201cKaur on \u00fcsna noor m\u00e4ngumees veel, kes on siiamaani oodanud oma hetke t\u00f5estamaks, et suudab olla siin liigas arvestatav m\u00e4ngija. Aastaid Tartus m\u00e4ngides on ta kindlasti saanud treenida kvaliteetselt ja peamiselt ennast saanud realiseerida esiliiga meeskonnas. Usun, et aeg on k\u00e4es, kus ta saab n\u00fc\u00fcd proovile panna ennast Eesti-L\u00e4ti liigas ja suudab m\u00e4nguminutite toel oma m\u00e4ngus saavutada uue taseme.\u201c<\/p>\n<p>Kaur Erik Suurorg: \u201cLiitun P\u00e4rnuga, sest soovin teha m\u00e4ngijana sammu edasi. N\u00e4en selles klubis suurt potentsiaali areneda ja m\u00e4nguminuteid v\u00e4lja teenida. Tunnen, et selle aasta koosseisuga on v\u00f5imalik m\u00e4ngida medalitele nii Eesti-L\u00e4ti liigas kui ka Eesti meistriv\u00f5istlustel. Peatreeneri Kristjan Evartiga olen varasemalt kokku puutunud nii noorteklassis kui ka \u00fchel hooajal meistriliigas. Olen kindel, et temaga on hea teha meistriliigas arenguh\u00fcpe stabiilsete minutite suunas. Tean, et P\u00e4rnus on head f\u00e4nnid ning ootan juba nende ees m\u00e4ngimist.\u201c<\/p>\n<p>Kuidas see lugu Sind end tundma pani? Saada <a href=\"https:\/\/sport.delfi.ee\/a\/120599032\/parnu-korvpalliklubi-tugevdas-rivistust-noore-tartu-mangijaga\/kommentaarid\" class=\"article-body-bottom__comment article-body-bottom__comment--write button button--primary button--size-auto\" rel=\"nofollow noopener\" target=\"_blank\"> Kommenteeri <\/a><a href=\"https:\/\/sport.delfi.ee\/a\/120599032\/parnu-korvpalliklubi-tugevdas-rivistust-noore-tartu-mangijaga\/kommentaarid\" class=\"article-body-bottom__comment article-body-bottom__comment--read button button--size-auto\" rel=\"nofollow noopener\" target=\"_blank\"> Loe kommentaare (1)<\/a><\/p>\n","protected":false},"excerpt":{"rendered":"\u201eS\u00f5lmisime kokkuleppe 21-aastase \u00e4\u00e4rem\u00e4ngija Kaur Erik Suuroruga, kes siirdub P\u00e4rnusse Tartu s\u00fcsteemist,\u201c seisab P\u00e4rnu klubi teates. 199 cm&hellip;\n","protected":false},"author":2,"featured_media":234755,"comment_status":"","ping_status":"","sticky":false,"template":"","format":"standard","meta":{"footnotes":"","_share_on_mastodon":"0"},"categories":[18],"tags":[37,33,35,34,36,1513,159,158,3511],"class_list":["post-234754","post","type-post","status-publish","format-standard","has-post-thumbnail","category-sport","tag-ee","tag-eesti","tag-eesti-keel","tag-estonia","tag-estonian","tag-korvpall","tag-sport","tag-sports","tag-transcom-parnu"],"share_on_mastodon":{"url":"https:\/\/pubeurope.com\/@ee\/116968536656587030","error":""},"_links":{"self":[{"href":"https:\/\/www.europesays.com\/ee\/wp-json\/wp\/v2\/posts\/234754","targetHints":{"allow":["GET"]}}],"collection":[{"href":"https:\/\/www.europesays.com\/ee\/wp-json\/wp\/v2\/posts"}],"about":[{"href":"https:\/\/www.europesays.com\/ee\/wp-json\/wp\/v2\/types\/post"}],"author":[{"embeddable":true,"href":"https:\/\/www.europesays.com\/ee\/wp-json\/wp\/v2\/users\/2"}],"replies":[{"embeddable":true,"href":"https:\/\/www.europesays.com\/ee\/wp-json\/wp\/v2\/comments?post=234754"}],"version-history":[{"count":0,"href":"https:\/\/www.europesays.com\/ee\/wp-json\/wp\/v2\/posts\/234754\/revisions"}],"wp:featuredmedia":[{"embeddable":true,"href":"https:\/\/www.europesays.com\/ee\/wp-json\/wp\/v2\/media\/234755"}],"wp:attachment":[{"href":"https:\/\/www.europesays.com\/ee\/wp-json\/wp\/v2\/media?parent=234754"}],"wp:term":[{"taxonomy":"category","embeddable":true,"href":"https:\/\/www.europesays.com\/ee\/wp-json\/wp\/v2\/categories?post=234754"},{"taxonomy":"post_tag","embeddable":true,"href":"https:\/\/www.europesays.com\/ee\/wp-json\/wp\/v2\/tags?post=234754"}],"curies":[{"name":"wp","href":"https:\/\/api.w.org\/{rel}","templated":true}]}}