{"id":234770,"date":"2026-07-23T09:29:07","date_gmt":"2026-07-23T09:29:07","guid":{"rendered":"https:\/\/www.europesays.com\/ee\/234770\/"},"modified":"2026-07-23T09:29:07","modified_gmt":"2026-07-23T09:29:07","slug":"riik-kaotab-uhepaevase-kirjakande-ja-tostab-hindu","status":"publish","type":"post","link":"https:\/\/www.europesays.com\/ee\/234770\/","title":{"rendered":"Riik kaotab \u00fchep\u00e4evase kirjakande ja t\u00f5stab hindu"},"content":{"rendered":"<p class=\"font-claude-response-body break-words whitespace-normal\">Praegu maksab j\u00e4rgmiseks t\u00f6\u00f6p\u00e4evaks kohale toimetatav kiri 3,10 eurot. Eeln\u00f5u j\u00e4rgi  l\u00f5petatakse see teenus sootuks. Universaalse postiteenuse raames j\u00e4\u00e4b alles kaks v\u00f5imalust: kolme t\u00f6\u00f6p\u00e4eva jooksul kohale kantav kiri, mille hind t\u00f5useb 1,80 eurolt 2,10 eurole, ning uue teenusena viie t\u00f6\u00f6p\u00e4eva jooksul kohale j\u00f5udev kiri hinnaga 1,80 eurot.<\/p>\n<p class=\"font-claude-response-body break-words whitespace-normal\">Kokku t\u00f5useb siseriiklik kirjakande hind keskmiselt 6 protsenti, rahvusvaheliste kirjade ja postipakkide saatmise tasud keskmiselt 10 protsenti. Ministeeriumi selgitusel on hinnat\u00f5usu taga eelk\u00f5ige p\u00e4rast viimast hinnat\u00f5usu kasvanud k\u00fctusehinnad, sest k\u00fctusekulu moodustab saadetiste k\u00e4ttetoimetamise kuludest suure osa.<\/p>\n<p class=\"font-claude-response-body break-words whitespace-normal\">Regionaal- ja p\u00f5llumajandusminister <a rel=\"noopener nofollow\" target=\"_blank\" href=\"https:\/\/www.delfi.ee\/teema\/96864946\/hendrik-johannes-terras-1\" tag-id=\"96864946\">Hendrik Johannes Terrase<\/a> s\u00f5nul l\u00e4htub muudatus vajadusest viia teenuse eest v\u00f5etav tasu paremasse vastavusse tegelike kuludega. \u201eInimestevaheline suhtlus toimub \u00fcha enam teiste kanalite kaudu ning kirjavahetusest on saanud pigem emotsionaalse v\u00e4\u00e4rtusega teenus \u2013 kirju saadetakse t\u00e4na sageli erilisematel puhkudel, n\u00e4iteks j\u00f5ulutervitusena v\u00f5i muude \u00f5nnitluste puhul,\u201c \u00fctles minister.<\/p>\n<p>Iga kolmas kiri saadeti detsembris<\/p>\n<p class=\"font-claude-response-body break-words whitespace-normal\">Mullu saadeti universaalse postiteenusena \u00fcle 560 000 kirja, mis on 18 protsenti v\u00e4hem kui aasta varem. Iga kolmas kiri saadeti detsembris. Viie aastaga on traditsiooniliste postiteenuste maht kahanenud \u00fcle 75 protsendi. Mida v\u00e4hemaks kirju j\u00e4\u00e4b, seda kallimaks muutub \u00fche kirja k\u00e4ttetoimetamine.<\/p>\n<p class=\"font-claude-response-body break-words whitespace-normal\">\u201eKirjade saatmise \u00fcldine maht v\u00e4heneb j\u00e4rjepidevalt ning samal ajal teenuse osutamise kulud kasvavad. Meie eesm\u00e4rk on hoida kirja saatmine igas Eesti nurgas taskukohane. Selleks, et teenus oleks k\u00e4ttesaadav \u00fcle Eesti neile, kel on seda teenust j\u00e4tkuvalt vaja, tuleb n\u00f5udeid kohandada tegeliku \u00fchiskondliku vajadusega,\u201c lisas Terras.<\/p>\n<p class=\"font-claude-response-body break-words whitespace-normal\">Kiireloomuliste saadetiste jaoks j\u00e4\u00e4b ministeeriumi s\u00f5nul alles kullerpostiteenus, mida pakuvad nii <a rel=\"noopener nofollow\" target=\"_blank\" href=\"https:\/\/www.delfi.ee\/teema\/56497402\/eesti-post\" tag-id=\"56497402\">Eesti Post<\/a> kui ka teised logistikaettev\u00f5tted. Suur osa kirjavahetusest riigiasutuste ja erateenuste pakkujatega, eelk\u00f5ige dokumentide saatmine, k\u00e4ib juba praegu universaalsest postiteenusest eraldiseisva \u00e4rikirja teenusena.<\/p>\n<p class=\"font-claude-response-body break-words whitespace-normal\">M\u00e4\u00e4ruse ettepanek p\u00f5hineb ministeeriumi s\u00f5nul Konkurentsiameti anal\u00fc\u00fcsil, mis hindab teenuse omahinda ja hinnat\u00f5usu m\u00f5ju tarbijatele. Kui m\u00e4\u00e4rus vastu v\u00f5etakse, j\u00f5ustub see kolmandal p\u00e4eval p\u00e4rast avaldamist Riigi Teatajas. Eesti Post teavitab seej\u00e4rel kliente uue hinnakirja rakendumisest ja t\u00e4psest ajakavast.<\/p>\n<p class=\"font-claude-response-body break-words whitespace-normal\">Eesti Post, mis tegutseb kaubam\u00e4rgi <a rel=\"noopener nofollow\" target=\"_blank\" href=\"https:\/\/www.delfi.ee\/teema\/68811455\/omniva\" tag-id=\"68811455\">Omniva<\/a> all, omab tegevusluba nii universaalse postiteenuse osutamiseks kui ka siseriiklike ja rahvusvaheliste kirisaadetiste ja postipakkide edastamiseks. Universaalse postiteenuse osutaja valitakse viieks aastaks Konkurentsiameti avaliku konkursiga, praegune leping kehtib aastani 2029.<\/p>\n<p>Kuidas see lugu Sind end tundma pani? Saada <a href=\"https:\/\/arileht.delfi.ee\/artikkel\/120599127\/riik-kaotab-kiire-kirjakande-ja-tostab-hindu\/kommentaarid\" class=\"article-body-bottom__comment article-body-bottom__comment--write button button--primary button--size-auto\" rel=\"nofollow noopener\" target=\"_blank\"> Kommenteeri <\/a><a href=\"https:\/\/arileht.delfi.ee\/artikkel\/120599127\/riik-kaotab-kiire-kirjakande-ja-tostab-hindu\/kommentaarid\" class=\"article-body-bottom__comment article-body-bottom__comment--read button button--size-auto\" rel=\"nofollow noopener\" target=\"_blank\"> Loe kommentaare (16)<\/a><\/p>\n","protected":false},"excerpt":{"rendered":"Praegu maksab j\u00e4rgmiseks t\u00f6\u00f6p\u00e4evaks kohale toimetatav kiri 3,10 eurot. Eeln\u00f5u j\u00e4rgi l\u00f5petatakse see teenus sootuks. Universaalse postiteenuse raames&hellip;\n","protected":false},"author":2,"featured_media":234771,"comment_status":"","ping_status":"","sticky":false,"template":"","format":"standard","meta":{"footnotes":"","_share_on_mastodon":"0"},"categories":[12],"tags":[26,27,37,33,35,255,34,36,31,32,21,6950,28,29,19,254,25,23,24,22,23627,20,30],"class_list":["post-234770","post","type-post","status-publish","format-standard","has-post-thumbnail","category-eesti","tag-breaking-news","tag-breakingnews","tag-ee","tag-eesti","tag-eesti-keel","tag-eesti-post","tag-estonia","tag-estonian","tag-featured-news","tag-featurednews","tag-headlines","tag-hendrik-johannes-terras","tag-latest-news","tag-latestnews","tag-news","tag-omniva","tag-populaarseimad-lood","tag-top-stories","tag-topstories","tag-uldised-uudised","tag-universaalne-postiteenus","tag-uudised","tag-viimased-uudised"],"share_on_mastodon":{"url":"https:\/\/pubeurope.com\/@ee\/116968591946678112","error":""},"_links":{"self":[{"href":"https:\/\/www.europesays.com\/ee\/wp-json\/wp\/v2\/posts\/234770","targetHints":{"allow":["GET"]}}],"collection":[{"href":"https:\/\/www.europesays.com\/ee\/wp-json\/wp\/v2\/posts"}],"about":[{"href":"https:\/\/www.europesays.com\/ee\/wp-json\/wp\/v2\/types\/post"}],"author":[{"embeddable":true,"href":"https:\/\/www.europesays.com\/ee\/wp-json\/wp\/v2\/users\/2"}],"replies":[{"embeddable":true,"href":"https:\/\/www.europesays.com\/ee\/wp-json\/wp\/v2\/comments?post=234770"}],"version-history":[{"count":0,"href":"https:\/\/www.europesays.com\/ee\/wp-json\/wp\/v2\/posts\/234770\/revisions"}],"wp:featuredmedia":[{"embeddable":true,"href":"https:\/\/www.europesays.com\/ee\/wp-json\/wp\/v2\/media\/234771"}],"wp:attachment":[{"href":"https:\/\/www.europesays.com\/ee\/wp-json\/wp\/v2\/media?parent=234770"}],"wp:term":[{"taxonomy":"category","embeddable":true,"href":"https:\/\/www.europesays.com\/ee\/wp-json\/wp\/v2\/categories?post=234770"},{"taxonomy":"post_tag","embeddable":true,"href":"https:\/\/www.europesays.com\/ee\/wp-json\/wp\/v2\/tags?post=234770"}],"curies":[{"name":"wp","href":"https:\/\/api.w.org\/{rel}","templated":true}]}}