{"id":234837,"date":"2026-07-23T11:00:14","date_gmt":"2026-07-23T11:00:14","guid":{"rendered":"https:\/\/www.europesays.com\/ee\/234837\/"},"modified":"2026-07-23T11:00:14","modified_gmt":"2026-07-23T11:00:14","slug":"siseminister-taro-soovitas-tallinnal-lopetada-ekokiga-nevski-katedraali-rendileping-linnavoim-seda-tegema-ei-kiirusta","status":"publish","type":"post","link":"https:\/\/www.europesays.com\/ee\/234837\/","title":{"rendered":"Siseminister Taro soovitas Tallinnal l\u00f5petada EK\u00d5Kiga Nevski katedraali rendileping, linnav\u00f5im seda tegema ei kiirusta"},"content":{"rendered":"<p>Nimelt tegi ajaloolane Lauri Vahtre (Isamaa) sotsiaalmeedias postituse, kus m\u00e4rkis, et Nevski katedraali lammutamise asemel v\u00f5iks selle n\u00e4iteks maha m\u00fc\u00fca \u00e4raviimiseks. Kommentaariumis v\u00f5ttis muu hulgas s\u00f5na siseminister Taro, kes kirjutas, et Isamaa on praegu Tallinnas v\u00f5imul ning erakond v\u00f5iks l\u00f5petada rendilepingu.<\/p>\n<p>\u201eSee kuulub Tallinna linnale ja on antud pikaajalisele rendile. Midagi pole vaja natsionaliseerida, lihtsalt l\u00f5petada see leping ennet\u00e4htaegselt ja sulgeda Moskva organisatsiooni rahakraan. See pole ju klassikaline koguduse kirik, vaid turistimagnet,\u201c lisas Taro. \u201eKelle huvi teenib Nevski katedraali rentimise j\u00e4tkamine Moskva kirikule s\u00f5jakurjategija Kirilli ametliku esindusena Eestis?\u201c<\/p>\n<p>Oled juba tellija?Logi sisse<\/p>\n<p><a href=\"https:\/\/www.delfi.ee\/artikkel\/120599158\/siseminister-taro-soovitas-tallinnal-lopetada-ekokiga-nevski-katedraali-rendileping-linnavoim-seda-tegema-ei-kiirusta\/kommentaarid\" class=\"article-body-bottom__comment article-body-bottom__comment--write button button--primary button--size-auto\" rel=\"nofollow noopener\" target=\"_blank\"> Kommenteeri <\/a><a href=\"https:\/\/www.delfi.ee\/artikkel\/120599158\/siseminister-taro-soovitas-tallinnal-lopetada-ekokiga-nevski-katedraali-rendileping-linnavoim-seda-tegema-ei-kiirusta\/kommentaarid\" class=\"article-body-bottom__comment article-body-bottom__comment--read button button--size-auto\" rel=\"nofollow noopener\" target=\"_blank\"> Loe kommentaare (48)<\/a><\/p>\n","protected":false},"excerpt":{"rendered":"Nimelt tegi ajaloolane Lauri Vahtre (Isamaa) sotsiaalmeedias postituse, kus m\u00e4rkis, et Nevski katedraali lammutamise asemel v\u00f5iks selle n\u00e4iteks&hellip;\n","protected":false},"author":2,"featured_media":234838,"comment_status":"","ping_status":"","sticky":false,"template":"","format":"standard","meta":{"footnotes":"","_share_on_mastodon":"0"},"categories":[5],"tags":[26,27,37,33,35,33173,34,36,31,32,21,614,28,29,93674,19,4130,25,23,24,22,20,30],"class_list":["post-234837","post","type-post","status-publish","format-standard","has-post-thumbnail","category-uldised-uudised","tag-breaking-news","tag-breakingnews","tag-ee","tag-eesti","tag-eesti-keel","tag-ekok","tag-estonia","tag-estonian","tag-featured-news","tag-featurednews","tag-headlines","tag-igor-taro","tag-latest-news","tag-latestnews","tag-nevski-katedraal","tag-news","tag-peeter-raudsepp","tag-populaarseimad-lood","tag-top-stories","tag-topstories","tag-uldised-uudised","tag-uudised","tag-viimased-uudised"],"share_on_mastodon":{"url":"https:\/\/pubeurope.com\/@ee\/116968949325192846","error":""},"_links":{"self":[{"href":"https:\/\/www.europesays.com\/ee\/wp-json\/wp\/v2\/posts\/234837","targetHints":{"allow":["GET"]}}],"collection":[{"href":"https:\/\/www.europesays.com\/ee\/wp-json\/wp\/v2\/posts"}],"about":[{"href":"https:\/\/www.europesays.com\/ee\/wp-json\/wp\/v2\/types\/post"}],"author":[{"embeddable":true,"href":"https:\/\/www.europesays.com\/ee\/wp-json\/wp\/v2\/users\/2"}],"replies":[{"embeddable":true,"href":"https:\/\/www.europesays.com\/ee\/wp-json\/wp\/v2\/comments?post=234837"}],"version-history":[{"count":0,"href":"https:\/\/www.europesays.com\/ee\/wp-json\/wp\/v2\/posts\/234837\/revisions"}],"wp:featuredmedia":[{"embeddable":true,"href":"https:\/\/www.europesays.com\/ee\/wp-json\/wp\/v2\/media\/234838"}],"wp:attachment":[{"href":"https:\/\/www.europesays.com\/ee\/wp-json\/wp\/v2\/media?parent=234837"}],"wp:term":[{"taxonomy":"category","embeddable":true,"href":"https:\/\/www.europesays.com\/ee\/wp-json\/wp\/v2\/categories?post=234837"},{"taxonomy":"post_tag","embeddable":true,"href":"https:\/\/www.europesays.com\/ee\/wp-json\/wp\/v2\/tags?post=234837"}],"curies":[{"name":"wp","href":"https:\/\/api.w.org\/{rel}","templated":true}]}}