{"id":23498,"date":"2025-10-20T09:28:08","date_gmt":"2025-10-20T09:28:08","guid":{"rendered":"https:\/\/www.europesays.com\/ee\/23498\/"},"modified":"2025-10-20T09:28:08","modified_gmt":"2025-10-20T09:28:08","slug":"vaikne-pealetung-%e2%9f%a9-islamiaarmuslased-tapavad-ja-roovivad-sahelis-juba-kahe-hispaania-suurusel-alal","status":"publish","type":"post","link":"https:\/\/www.europesays.com\/ee\/23498\/","title":{"rendered":"VAIKNE PEALETUNG \u27e9 Islami\u00e4\u00e4rmuslased tapavad ja r\u00f6\u00f6vivad Sahelis juba kahe Hispaania suurusel alal"},"content":{"rendered":"<p>Viimastel aastatel on Aafrikas Saheli piirkonnas tegutsevad islami\u00e4\u00e4rmuslased kahekordistanud oma r\u00fcnnakute ulatust. Nende kontrolli all on rohkem kui kahe Hispaania suurune maa-ala, selgus AFP anal\u00fc\u00fcsist.<\/p>\n<p>Peaaegu k\u00f5ikjal Malis ja Burkina Fasos, samuti Nigeerias, Nigeri l\u00e4\u00e4neosas ja Senegali piiri\u00e4\u00e4rsetel aladel tegutsevad erinevad islami\u00e4\u00e4rmuslaste r\u00fchmituste Al-Qaeda ja Islamiriik rakukesed. Suurim neist on Islami ja moslemite toetamise r\u00fchm (JNIM), selgus uudisteagentuuri AFP uurimusest, mis tugines s\u00f5ltumatu organisatsiooni Aldebaran Threat Consultants kuue aasta jooksul kogutud andmetele.<\/p>\n<p>\u00abSaheli julgeolekukriis on kompleksne ja sellel pole kiireid lahendusi,\u00bb hoiatas maailma erinevate konfliktide ohvrite loendamisega tegeleva \u00fchenduse anal\u00fc\u00fctik Charlie Werb.<\/p>\n","protected":false},"excerpt":{"rendered":"Viimastel aastatel on Aafrikas Saheli piirkonnas tegutsevad islami\u00e4\u00e4rmuslased kahekordistanud oma r\u00fcnnakute ulatust. Nende kontrolli all on rohkem kui&hellip;\n","protected":false},"author":2,"featured_media":23499,"comment_status":"","ping_status":"","sticky":false,"template":"","format":"standard","meta":{"footnotes":"","_share_on_mastodon":"0"},"categories":[5],"tags":[1114,13220,26,27,10930,13218,37,33,35,34,36,31,32,21,13219,9585,28,29,13214,13216,19,10382,13215,25,13221,10384,13217,23,24,22,20,30],"class_list":["post-23498","post","type-post","status-publish","format-standard","has-post-thumbnail","category-uldised-uudised","tag-aafrika","tag-al-qaeda","tag-breaking-news","tag-breakingnews","tag-burkina-faso","tag-dzihadistid","tag-ee","tag-eesti","tag-eesti-keel","tag-estonia","tag-estonian","tag-featured-news","tag-featurednews","tag-headlines","tag-islamiaarmuslus","tag-islamiriik","tag-latest-news","tag-latestnews","tag-mali","tag-mauritaania","tag-news","tag-nigeeria","tag-niger","tag-populaarseimad-lood","tag-sahel","tag-senegal","tag-togo","tag-top-stories","tag-topstories","tag-uldised-uudised","tag-uudised","tag-viimased-uudised"],"share_on_mastodon":{"url":"","error":""},"_links":{"self":[{"href":"https:\/\/www.europesays.com\/ee\/wp-json\/wp\/v2\/posts\/23498","targetHints":{"allow":["GET"]}}],"collection":[{"href":"https:\/\/www.europesays.com\/ee\/wp-json\/wp\/v2\/posts"}],"about":[{"href":"https:\/\/www.europesays.com\/ee\/wp-json\/wp\/v2\/types\/post"}],"author":[{"embeddable":true,"href":"https:\/\/www.europesays.com\/ee\/wp-json\/wp\/v2\/users\/2"}],"replies":[{"embeddable":true,"href":"https:\/\/www.europesays.com\/ee\/wp-json\/wp\/v2\/comments?post=23498"}],"version-history":[{"count":0,"href":"https:\/\/www.europesays.com\/ee\/wp-json\/wp\/v2\/posts\/23498\/revisions"}],"wp:featuredmedia":[{"embeddable":true,"href":"https:\/\/www.europesays.com\/ee\/wp-json\/wp\/v2\/media\/23499"}],"wp:attachment":[{"href":"https:\/\/www.europesays.com\/ee\/wp-json\/wp\/v2\/media?parent=23498"}],"wp:term":[{"taxonomy":"category","embeddable":true,"href":"https:\/\/www.europesays.com\/ee\/wp-json\/wp\/v2\/categories?post=23498"},{"taxonomy":"post_tag","embeddable":true,"href":"https:\/\/www.europesays.com\/ee\/wp-json\/wp\/v2\/tags?post=23498"}],"curies":[{"name":"wp","href":"https:\/\/api.w.org\/{rel}","templated":true}]}}