{"id":234988,"date":"2026-07-23T13:47:07","date_gmt":"2026-07-23T13:47:07","guid":{"rendered":"https:\/\/www.europesays.com\/ee\/234988\/"},"modified":"2026-07-23T13:47:07","modified_gmt":"2026-07-23T13:47:07","slug":"kunstiajaloolane-portselanist-supitirin-oli-omal-ajal-lounalaua-skulptuur-ringvaade","status":"publish","type":"post","link":"https:\/\/www.europesays.com\/ee\/234988\/","title":{"rendered":"Kunstiajaloolane: portselanist supitirin oli omal ajal l\u00f5unalaua skulptuur | Ringvaade"},"content":{"rendered":"<p>Kunstiajaloolane Aleksandra Murre r\u00e4\u00e4kis &#8220;Ringvaates&#8221; Kadriorus vaatamiseks v\u00e4lja pandud haruldastest s\u00f6\u00f6gin\u00f5udest ja t\u00f5des, et sageli olid need lisaks praktilisele v\u00e4\u00e4rtusele ka laua uhkeimad kaunistused. Murre s\u00f5nul oli n\u00e4iteks supitirin lausa omaette skulptuur.<\/p>\n<p>Kadriorus on vaatamiseks v\u00e4lja pandud kaunid ja haruldased s\u00f6\u00f6gin\u00f5ud ning n\u00e4ha saab nii Nikolai I portselani kui ka Johann Laidoneri perem\u00e4rgiga klaasi.<\/p>\n<p>&#8220;Kui oli igap\u00e4evane pidulik l\u00f5unas\u00f6\u00f6k, s\u00f6\u00f6di sageli esimesena suppi. Supitirinad tehti eriti pidulikeks, sest sageli asendasid need laua keskkaunistust. Supitirin oli omaette skulptuur,&#8221; m\u00e4rkis kunstiajaloolane Aleksandra Murre.<\/p>\n<p>Tol ajal ei olnud l\u00f5unas\u00f6\u00f6k selline nagu praegu, et istume k\u00f6\u00f6gis ja s\u00f6\u00f6me ruttu \u00e4ra. &#8220;L\u00f5unas\u00f6\u00f6gile kutsuti tavaliselt suure kellaga k\u00f5ik, kes olid kuskil lossis v\u00f5i m\u00f5isas laiali. Kui kuuldi kella, tuldi eesruumi, v\u00f5eti paaridesse, h\u00e4rrad juhtisid daamid l\u00f5unas\u00f6\u00f6gilauda,&#8221; selgitas Murre.<\/p>\n<p>L\u00f5unas\u00f6\u00f6gikelli tehti Murre s\u00f5nul tavaliselt metallist, aga oli ka portselanist. &#8220;Portselankellukesega kutsuti l\u00e4hedal toas viibivat kelnerit. Kellukest helistas tavaliselt majaperemees,&#8221; lisas Murre.<\/p>\n<p>Kunstiajaloolase s\u00f5nul telliti tsaarilossides igale tsaarile uued serviisid, mis olid m\u00e4rgistatud eesnimet\u00e4htedega.<\/p>\n<p>Kadrioru kunstimuuseumi teisel korrusel on \u00fcles pandud Konstantin P\u00e4tsi raamatukogu, kus r\u00e4\u00e4gitakse Eesti Vabariigi lugu. Siin on v\u00e4ljas 1928.\u20131929. aastatel riigivanema ametit pidanud ja Kadriorus elanud August Rei mokatassid ja kindral Johan Laidoneri klaas ning s\u00f6\u00f6giriistad.<\/p>\n<p>&#8220;Viimsi m\u00f5isas oli Laidoneridel uhke elamine, aga nende kaunist majapidamisest on alles j\u00e4\u00e4nud vaid riismed, sest kui nad arreteeriti ja viidi Venemaale, kus nad hukkusid, on nende asju v\u00e4ga v\u00e4he s\u00e4ilinud,&#8221; t\u00f5des Murre.<\/p>\n","protected":false},"excerpt":{"rendered":"Kunstiajaloolane Aleksandra Murre r\u00e4\u00e4kis &#8220;Ringvaates&#8221; Kadriorus vaatamiseks v\u00e4lja pandud haruldastest s\u00f6\u00f6gin\u00f5udest ja t\u00f5des, et sageli olid need lisaks&hellip;\n","protected":false},"author":2,"featured_media":234989,"comment_status":"","ping_status":"","sticky":false,"template":"","format":"standard","meta":{"footnotes":"","_share_on_mastodon":"0"},"categories":[89],"tags":[29881,227,225,226,228,37,33,35,173,34,36,10759,229,230,140],"class_list":["post-234988","post","type-post","status-publish","format-standard","has-post-thumbnail","category-kunst-ja-kujundus","tag-aleksandra-murre","tag-arts","tag-arts-and-design","tag-artsdesign","tag-design","tag-ee","tag-eesti","tag-eesti-keel","tag-entertainment","tag-estonia","tag-estonian","tag-kadrioru-kunstimuuseum","tag-kunst-ja-kujundus","tag-kunstkujundus","tag-meelelahutus"],"share_on_mastodon":{"url":"https:\/\/pubeurope.com\/@ee\/116969605893871905","error":""},"_links":{"self":[{"href":"https:\/\/www.europesays.com\/ee\/wp-json\/wp\/v2\/posts\/234988","targetHints":{"allow":["GET"]}}],"collection":[{"href":"https:\/\/www.europesays.com\/ee\/wp-json\/wp\/v2\/posts"}],"about":[{"href":"https:\/\/www.europesays.com\/ee\/wp-json\/wp\/v2\/types\/post"}],"author":[{"embeddable":true,"href":"https:\/\/www.europesays.com\/ee\/wp-json\/wp\/v2\/users\/2"}],"replies":[{"embeddable":true,"href":"https:\/\/www.europesays.com\/ee\/wp-json\/wp\/v2\/comments?post=234988"}],"version-history":[{"count":0,"href":"https:\/\/www.europesays.com\/ee\/wp-json\/wp\/v2\/posts\/234988\/revisions"}],"wp:featuredmedia":[{"embeddable":true,"href":"https:\/\/www.europesays.com\/ee\/wp-json\/wp\/v2\/media\/234989"}],"wp:attachment":[{"href":"https:\/\/www.europesays.com\/ee\/wp-json\/wp\/v2\/media?parent=234988"}],"wp:term":[{"taxonomy":"category","embeddable":true,"href":"https:\/\/www.europesays.com\/ee\/wp-json\/wp\/v2\/categories?post=234988"},{"taxonomy":"post_tag","embeddable":true,"href":"https:\/\/www.europesays.com\/ee\/wp-json\/wp\/v2\/tags?post=234988"}],"curies":[{"name":"wp","href":"https:\/\/api.w.org\/{rel}","templated":true}]}}