{"id":235013,"date":"2026-07-23T14:25:13","date_gmt":"2026-07-23T14:25:13","guid":{"rendered":"https:\/\/www.europesays.com\/ee\/235013\/"},"modified":"2026-07-23T14:25:13","modified_gmt":"2026-07-23T14:25:13","slug":"bmx-i-maailmameistrid-parjati-kaheksandikfinaali-aegade-pohjal-strombergs-see-on-habiplekk-kogu-spordialale","status":"publish","type":"post","link":"https:\/\/www.europesays.com\/ee\/235013\/","title":{"rendered":"BMX-i maailmameistrid p\u00e4rjati kaheksandikfinaali aegade p\u00f5hjal. \u0160trombergs: see on h\u00e4biplekk kogu spordialale"},"content":{"rendered":"<p>Raid alustas laup\u00e4evast v\u00f5istlusp\u00e4eva kindlalt, l\u00f5petades avaringi teise kohaga ning kindlustades p\u00e4\u00e4su veerandfinaali. Ka seal oli eestlane suure osa s\u00f5idust poolfinaali viival kolmandal kohal, kuid teisel sirgel tehtud eksimus maksis edasip\u00e4\u00e4su.<\/p>\n<p>Laup\u00e4eva jooksul muutusid v\u00f5istlustingimused j\u00e4rjest keerulisemaks, sest tugev ja puhanguline tuul hakkas m\u00f5jutama s\u00f5itude kulgu. Just teisel sirgel eksisid keerulistes oludes mitmed maailma tipps\u00f5itjad, teatas BMX Racing Estonia tiim.<\/p>\n<p>Enne eksimust s\u00f5itis eestlane kindlalt edasip\u00e4\u00e4sukohal ning tema veerandfinaalis kuulusid konkurentide hulka maailma edetabeli 1., 5., 9., 15. ja 20. kohal paiknenud sportlased. Raid ise on meesjuunioride maailma edetabelis 13. kohal.<\/p>\n<p>\u201eEsimene s\u00f5it l\u00e4ks h\u00e4sti, kuigi teisel sirgel teisel h\u00fcppel tegin vea, mis v\u00f5ttis palju hoogu \u00e4ra. Veerandfinaalis olin kolmandal kohal kuni teisel sirgel h\u00fcppasin \u00fche h\u00fcppe liiga k\u00f5rgelt, kaotasin hoo ning seda enam tagasi ei saanud. Sellega oli minu s\u00f5it tehtud,\u201c \u00fctles Raid pressiteate vahendusel.<\/p>\n<p><img decoding=\"async\" src=\"https:\/\/www.europesays.com\/ee\/wp-content\/uploads\/2026\/07\/9b69fa5e-b804-46c6-9139-d6bb86c35738.jpg\" loading=\"lazy\" alt=\"Sten Tristan Raid (esiplaanil) BMX-i MM-il.\"\/><\/p>\n<p>Laup\u00e4eval j\u00f5uti juunioride klassides v\u00f5istelda kuni veerandfinaalideni ning U23 ja eliitklassides kuni kaheksandikfinaalideni. P\u00fchap\u00e4evaks kavandatud poolfinaalid ja finaalid j\u00e4id tugeva tuule t\u00f5ttu pidamata ning maailmameistrid selgitati laup\u00e4evaste s\u00f5itude tulemuste p\u00f5hjal. <\/p>\n<p>\u201eMaailma parimad BMX-i s\u00f5itjad v\u00e4\u00e4rivad paremat.\u201c<\/p>\n<p> M\u0101ris \u0160trombergs<\/p>\n<p>L\u00e4tlasest kahekordne ol\u00fcmpiav\u00f5itja M\u0101ris \u0160trombergs tegi Instagrami alajuhte kritiseeriva postituse: \u201eT\u00e4nane UCI otsus oli h\u00e4biplekk meie spordialale. Kes iganes selle otsuse tegi, tervitaksin v\u00f5imalust temaga maha istuda ja kuulata selle tagamaid, sest praegu on mul raskusi arusaamisega, kuidas keegi \u00fcldse usub, et see oli \u00f5ige otsus. Maailma parimad BMX-i s\u00f5itjad v\u00e4\u00e4rivad paremat. Sellised otsused rikuvad meie spordiala usaldusv\u00e4\u00e4rsust, kahjustavad sportlasi ja saadavad k\u00f5igile, kes BMX-ist hoolivad, vale s\u00f5numi. See on hullumeelne. See on vale. Ja see peab l\u00f5ppema!!!\u201c<\/p>\n<p>UCI selgitas hilisemas postituses, et v\u00f5istluste katkestamine on kahtlemata kahetsusv\u00e4\u00e4rne, kuid see tehti tugevate tuulte p\u00e4rast ja s\u00f5itjate turvalisuse huvides. UCI lisas, et ilmaolusid \u00fcritati veel hinnata ja j\u00e4lgida, kuid \u00fchel hetkel j\u00f5uti t\u00f5demuseni, et v\u00f5istluseks m\u00f5eldud ajaakna jooksul poleks saanud s\u00f5ite l\u00f5puni pidada ning otsust toetasid ka oma esindajatega kohapeal viibinud UCI sportlaskomisjon, osalevate riikide rahvuslike alaliitude esindajad ja kohalik korralduskomitee.<\/p>\n<p>Prantslasest eksmaailmameister Romain Mathieu kirjutas enda Instagrami kontol: \u201eV\u00f5istluse katkestamine oli 100% \u00f5ige asi, mul pole sellega probleeme. Ma ei taha, et inimesed oma eludega riskides sureksid. Kuid taaskord olime me tunnistsajateks, kui saamatud inimesed seda s\u00f5ud juhivad&#8230; Milline p*** s\u00f5u! See pole esimene kord, kui peame halva ilmaga toimetama, aga tundub, et me ei \u00f5pi kunagi. Aastal 2026 teatakse t\u00e4pselt, milline ilm n\u00e4dala jooksul ees ootab. Oli l\u00f5putuid v\u00f5imalusi, et see v\u00f5istlus n\u00e4dala alguse poole \u00e4ra pidada. Austuse puudumisega sportlaste vastu v\u00f5ib juba \u00e4ra harjuda. Olen sellel alal juba pikalt tegutsenud. Nad ei hooli meist. Ning see peab l\u00f5ppema. Me vajame SUURT MUUTUST!\u201c<\/p>\n<p>\u201eMa olen vana. Ma pole enam selle spordi suur f\u00e4nn (kahjuks). See on okei. See ei muuda mu elu. Olen murtud sellep\u00e4rast, et nooremad s\u00f5itjad on murtud, kuna nad annavad endast igap\u00e4evaselt k\u00f5ik, m\u00f5eldes, et BMX on see, mida nad teha tahavad, kuid neile ei anta isegi v\u00f5imalust oma unistust p\u00fc\u00fcda,\u201c j\u00e4tkas Mathieu. <\/p>\n<p>\u201eMeie spordiala pole kunagi n\u00e4inud nii amat\u00f6\u00f6rlik. Ja sel pole midagi pistmist rajaga! Keegi ei taha tagasi 90-ndate radu. Vabandan k\u00f5igi inimeste ees, kes meid t\u00e4na vaatama tulid.\u201c<\/p>\n<p>Kuidas see lugu Sind end tundma pani? Saada <a href=\"https:\/\/sport.delfi.ee\/artikkel\/120599229\/bmx-i-maailmameistrid-parjati-kaheksandikfinaali-aegade-pohjal-strombergs-see-on-habiplekk-kogu-spordialale\/kommentaarid\" class=\"article-body-bottom__comment article-body-bottom__comment--write button button--primary button--size-auto\" rel=\"nofollow noopener\" target=\"_blank\"> Kommenteeri <\/a><a href=\"https:\/\/sport.delfi.ee\/artikkel\/120599229\/bmx-i-maailmameistrid-parjati-kaheksandikfinaali-aegade-pohjal-strombergs-see-on-habiplekk-kogu-spordialale\/kommentaarid\" class=\"article-body-bottom__comment article-body-bottom__comment--read button button--size-auto\" rel=\"nofollow noopener\" target=\"_blank\"> Loe kommentaare <\/a><\/p>\n","protected":false},"excerpt":{"rendered":"Raid alustas laup\u00e4evast v\u00f5istlusp\u00e4eva kindlalt, l\u00f5petades avaringi teise kohaga ning kindlustades p\u00e4\u00e4su veerandfinaali. Ka seal oli eestlane suure&hellip;\n","protected":false},"author":2,"featured_media":235014,"comment_status":"","ping_status":"","sticky":false,"template":"","format":"standard","meta":{"footnotes":"","_share_on_mastodon":"0"},"categories":[18],"tags":[93733,37,33,35,34,36,159,158],"class_list":["post-235013","post","type-post","status-publish","format-standard","has-post-thumbnail","category-sport","tag-bmx","tag-ee","tag-eesti","tag-eesti-keel","tag-estonia","tag-estonian","tag-sport","tag-sports"],"share_on_mastodon":{"url":"https:\/\/pubeurope.com\/@ee\/116969755810283449","error":""},"_links":{"self":[{"href":"https:\/\/www.europesays.com\/ee\/wp-json\/wp\/v2\/posts\/235013","targetHints":{"allow":["GET"]}}],"collection":[{"href":"https:\/\/www.europesays.com\/ee\/wp-json\/wp\/v2\/posts"}],"about":[{"href":"https:\/\/www.europesays.com\/ee\/wp-json\/wp\/v2\/types\/post"}],"author":[{"embeddable":true,"href":"https:\/\/www.europesays.com\/ee\/wp-json\/wp\/v2\/users\/2"}],"replies":[{"embeddable":true,"href":"https:\/\/www.europesays.com\/ee\/wp-json\/wp\/v2\/comments?post=235013"}],"version-history":[{"count":0,"href":"https:\/\/www.europesays.com\/ee\/wp-json\/wp\/v2\/posts\/235013\/revisions"}],"wp:featuredmedia":[{"embeddable":true,"href":"https:\/\/www.europesays.com\/ee\/wp-json\/wp\/v2\/media\/235014"}],"wp:attachment":[{"href":"https:\/\/www.europesays.com\/ee\/wp-json\/wp\/v2\/media?parent=235013"}],"wp:term":[{"taxonomy":"category","embeddable":true,"href":"https:\/\/www.europesays.com\/ee\/wp-json\/wp\/v2\/categories?post=235013"},{"taxonomy":"post_tag","embeddable":true,"href":"https:\/\/www.europesays.com\/ee\/wp-json\/wp\/v2\/tags?post=235013"}],"curies":[{"name":"wp","href":"https:\/\/api.w.org\/{rel}","templated":true}]}}