{"id":235027,"date":"2026-07-23T14:39:21","date_gmt":"2026-07-23T14:39:21","guid":{"rendered":"https:\/\/www.europesays.com\/ee\/235027\/"},"modified":"2026-07-23T14:39:21","modified_gmt":"2026-07-23T14:39:21","slug":"tiit-maran-valitsus-pakub-kliimakindluse-asemel-ebakindlust-arvamus","status":"publish","type":"post","link":"https:\/\/www.europesays.com\/ee\/235027\/","title":{"rendered":"Tiit Maran: valitsus pakub kliimakindluse asemel ebakindlust | Arvamus"},"content":{"rendered":"<p>Euroopa suvine rekordkuumus n\u00e4itas, et kliimamuutus ei ole tulevikurisk, vaid reaalsus. Sellel aastal koges L\u00e4\u00e4ne-Euroopa m\u00f5\u00f5tmisajaloo kuumimat juunit ning kogu maailmas oli tegemist teise k\u00f5ige soojema juuniga.<\/p>\n<p>Prantsusmaal ulatusid temperatuurid \u00fcle 40 kraadi, riiklik ilmateenistus andis k\u00f5rgeima taseme kuumahoiatuse rekordarvule departemangudele ning ka \u00dchendkuningriigis anti \u00e4\u00e4rmusliku kuuma hoiatus. Hispaanias, Saksamaal ja \u0160veitsis \u00fcletas kuumus paljudes paikades tavap\u00e4rase taluvuspiiri. Aastast aastasse korduvat mustrit ei saa pidada ebamugavaks ilmastikun\u00e4htuseks, see on m\u00e4rk reaalsest kliimas\u00fcsteemi muutumisest.<\/p>\n<p>Maailmamere pinnatemperatuuride rekordiline t\u00f5us viimastel aastatel t\u00e4hendab v\u00e4ga suure energiavaru koondumist kliimas\u00fcsteemi. Selle tulemuse sagenevad \u00e4\u00e4rmuslikud ilmastikun\u00e4htused ja nende m\u00f5ju, olgu nendeks kuumus, p\u00f5ud, metsap\u00f5lengud, \u00e4\u00e4rmuslikud sajud v\u00f5i tormid. Tagaj\u00e4rjed \u00fchikonnale muutuvad j\u00e4rjest kulukamaks.<\/p>\n<p>Eesti jahedussaare ohtlik illusioon<\/p>\n<p>N\u00e4iliselt on Eestil vedanud. Elame Euroopa serval, mere m\u00f5ju all, jahedama \u00f5hu ja vahelduva ilma piirkonnas. Kui L\u00f5una- ja L\u00e4\u00e4ne-Euroopa kannatavad kuumakuplite all, v\u00f5ib siin samal ajal sadada vihma ja puhuda jahe tuul. N\u00e4iline turvalisus on aga petlik ja tekitab tunde, et kliimamuutus on kellegi teise probleem, mida Eesti v\u00f5ib rahulikult k\u00f5rvalt vaadata<\/p>\n<p>Muutused on aga meilgi, nii otsesed kui ka kaudsed. Otseselt t\u00e4hendab see muutusi metsades, p\u00f5llumajanduses, veere\u017eiimis, rannikualadel ja linnaruumi toimimises. Kaudselt t\u00e4hendab see terviseriske, hinnasurvet, tarneahelate h\u00e4ireid, kindlustuskulude kasvu ja toidujulgeolekuriske, \u00fchiskondlikku segadust toimuva m\u00f5testamisel. Kliimapoliitika puudutab keskkonda, majandust, julgeolekut, tervist, \u00f5iglast \u00fcleminekut ning v\u00f5imalikult j\u00e4tkusuutliku \u00fchiskonna eksistentsi raja leidmist.<\/p>\n<p>Vahetult enne kuumalainet Euroopas, 21. mail 2026, j\u00f5udis riigikogu menetlusse kliimakindla majanduse seaduse eeln\u00f5u. Eeln\u00f5u nimi on tugev ja tekitab kindlust, aga kuiv\u00f5rd vastab selle sisu paljulubavale nimele ja loob vahendid, millega muutust juhtida?<\/p>\n<p>Sisut\u00fchi kliimaseadus ei anna selgust<\/p>\n<p>Eeln\u00f5us sisaldub eesm\u00e4rk v\u00e4hendada Eesti s\u00f5ltuvust imporditavatest fossiilk\u00fctustest ning tugevdada \u00fchiskonna ja majanduse vastupanuv\u00f5imet kliimamuutustele. Selles ei kajastu aga vajadus v\u00e4hendada kasvuhoonegaaside heidet. Juba eesm\u00e4rgi p\u00fcstitus on vildakas. Probleemi s\u00fcvendab asjaolu, et eeln\u00f5u ei m\u00e4\u00e4ratle selgelt vastutust eesm\u00e4rkide t\u00e4itmisel, ei esita siduvaid sektorip\u00f5hiseid kohustusi ega s\u00f5ltumatut j\u00e4relevalvet.<\/p>\n<p>Kui eesm\u00e4rkide s\u00f5nastus on ebaselge ja need pole siduvalt seotud majandusharude tegevusega, j\u00e4tab valitsus end ilma muutusi suunavatest t\u00f6\u00f6riistadest ja hajutab vastutuse. Just sektorites tehakse otsused, mis m\u00e4\u00e4ravad, kui kiiresti v\u00e4heneb kasvuhoonegaaside heide, kuidas muutub energiakasutus, millised investeeringud tehakse ja milliseid mitte.<\/p>\n<p>Eeln\u00f5us on kesksel kohal teekaardid. Neil oleks m\u00f5te, kui neil oleks selge \u00f5iguslik t\u00e4hendus, tegevused, m\u00f5\u00f5dikud ja seos seaduses s\u00e4testatud eesm\u00e4rkidega. Ilma selleta j\u00e4\u00e4b teekaart taas poliitiliseks soovdokumendiks, mille \u00fcle arutelusid pidada, aga nende alusel ei saa valitsus suunata sektoreid eesm\u00e4rkide t\u00e4itmisele.<\/p>\n<p>Tugev kliimaseadus toetab ettev\u00f5tlust<\/p>\n<p>On m\u00f5istetav, et osa ettev\u00f5tjaid ja sektoreid pelgab siduvaid kohustusi. Muutused t\u00e4hendavad kulusid, ebamugavaid valikuid ja seniste \u00e4rimudelite \u00fcmberhindamist ehk karme pingutusi. Kuid just seet\u00f5ttu on riigi \u00fclesanne anda strateegiline vaade, mitte taanduda l\u00fchiajalise surve ees. Majanduse muutus vajab etteaimatavust, mitte ebam\u00e4\u00e4rasust ja ettev\u00f5tja jaoks on halvim see, kui poliitiline suund on ebaselge ning reeglid ebam\u00e4\u00e4rased. Tugev kliimaseadus loob kindlama aluse muutusi toovateks investeeringuteks, v\u00e4iksema keskkonnajalaj\u00e4ljega tehnoloogiate arendamiseks, energias\u00f5ltumatuseks ja j\u00e4tkusuutlikuseks. Keerulised otsused tuleb \u00fchel hetkel teha niikuinii, edasil\u00fckkamine vaid suurendab muutuse hinda.<\/p>\n<p>Kliimaseadus vajab vastutajat, tegevusplaane ja j\u00e4relevalvet<\/p>\n<p>&#8220;Valitsusel peavad olema vahendid suunata investeeringuid, luua stiimuleid ja vajaduse korral kehtestada ka piiranguid.&#8221;<\/p>\n<p>Seaduses peab olema selge vastutaja ja see, mille eest ta vastutab. Kliimaeesm\u00e4rkide t\u00e4itmise eest vastutab valitsus. Vajalikud on Eesti \u00fcldeesm\u00e4rgid seotuna sektorip\u00f5histe eesm\u00e4rkidega nii heite v\u00e4hendamise kui ka kohanemise osas. Sektorip\u00f5hise vastutuseta j\u00e4\u00e4b riiklik eesm\u00e4rk \u00f5hku rippuma. Valitsusel peavad olema vahendid suunata investeeringuid, luua stiimuleid ja vajaduse korral kehtestada ka piiranguid.<\/p>\n<p>Seadus peab looma selged tegevusplaanid. Teekaardid tuleb muuta valitsuse kinnitatavateks sektorip\u00f5histeks tegevusprogrammideks, mis l\u00e4htuvad seaduses s\u00e4testatud eesm\u00e4rkidest, sisaldavad t\u00e4htaegu, vastutajaid, m\u00f5\u00f5dikuid, rahastamisloogikat, seost riigieelarve ning arengukavadega. Alles siis tekib sild eesm\u00e4rgi ja tegeliku poliitika vahele.<\/p>\n<p>Lisaks on vaja s\u00f5ltumatut j\u00e4relevalvet. Kliiman\u00f5ukogu peab koosnema eri valdkondade ekspertidest, olema poliitiliselt s\u00f5ltumatu ning aruandekohustuslik riigikogule. Kliiman\u00f5ukogu peab hindama valitsuse tegevust, auditeerima selle iga-aastaseid kliimaaruandeid, osutama ausalt, kus eesm\u00e4rkidest on k\u00f5rvalekaldumisi ja pakkuma vajadusel v\u00e4lja muutusi eesm\u00e4rkide t\u00e4itmiseks.<\/p>\n<p>Vana talupojatarkus ja uus tegelikkus<\/p>\n<p>Kliimamuutuse ajastul ei piisa enam arusaamast, et k\u00fcll asjad kuidagi ise paika loksuvad. Viimaste aastate andmed Maa energia tasakaalutuse ja mere soojenemise kohta n\u00e4itavad, et kliimas\u00fcsteemi soojusvaru kasvab murettekitavalt kiiresti. See t\u00e4hendab, et aega on pigem v\u00e4hem kui rohkem.<\/p>\n<p>Vana hea talupojatarkus t\u00f6\u00f6tab stabiilses maailmas, kui ilm, majandus ja \u00fchiskond liiguvad teada-tuntud piirides, kuid kiirenevate muutuste ja murdepunktide maailmas v\u00f5ib liiga aeglane tegutsemine osutuda kalleimaks valikuks.<\/p>\n<p>Kliimakriisi ees on kolm v\u00f5imalikku hoiakut. Esimene on eitamine: n\u00e4iliste vastuv\u00e4idete, m\u00fc\u00fctide ja mugavate valede toel ignoreerida reaalsust ja mitte midagi teha. Teine on edasil\u00fckkamine: tunnistada probleemi, kuid j\u00e4tta rasked otsused tulevikku. Kolmas on riigimehelik tee: teha vajalikud otsused \u00f5iglaselt, l\u00e4bipaistvalt ja piisavalt vara, isegi kui need on poliitiliselt ebamugavad.<\/p>\n<p>Praegune kliimakindla majanduse seaduse eeln\u00f5u ei ole kindlasti riigimehelik otsustavus. Hea tahtmise ja t\u00f5sise t\u00f6\u00f6ga on sellest v\u00f5imalik teha vajalik raamistik, aga selleks tuleb tuua seadusesse sisuline juhtimisv\u00f5ime ehk selge vastutus, siduvad sektorip\u00f5hised eesm\u00e4rgid, tegevusprogrammid ja s\u00f5ltumatu j\u00e4relevalve.<\/p>\n<p>Riik peab julgema oma inimestele \u00f6elda, kuhu liigume, kes vastutab, kuidas eesm\u00e4rkide suunas liigutakse ja kuidas kontrollitakse, kas valitud muutuste rada on parim v\u00f5imalikest. Selleta on seadus nime poolest kliimakindel, kuid sisult sisutu ja ebakindel.<\/p>\n","protected":false},"excerpt":{"rendered":"Euroopa suvine rekordkuumus n\u00e4itas, et kliimamuutus ei ole tulevikurisk, vaid reaalsus. Sellel aastal koges L\u00e4\u00e4ne-Euroopa m\u00f5\u00f5tmisajaloo kuumimat juunit&hellip;\n","protected":false},"author":2,"featured_media":235028,"comment_status":"","ping_status":"","sticky":false,"template":"","format":"standard","meta":{"footnotes":"","_share_on_mastodon":"0"},"categories":[12],"tags":[26,27,37,33,35,34,36,31,32,21,668,4326,20554,20553,28,29,19,25,640,20984,23,24,22,20,30],"class_list":["post-235027","post","type-post","status-publish","format-standard","has-post-thumbnail","category-eesti","tag-breaking-news","tag-breakingnews","tag-ee","tag-eesti","tag-eesti-keel","tag-estonia","tag-estonian","tag-featured-news","tag-featurednews","tag-headlines","tag-ilm","tag-kliima","tag-kliimakindla-majanduse-seadus","tag-kliimaseadus","tag-latest-news","tag-latestnews","tag-news","tag-populaarseimad-lood","tag-riigikogu","tag-tiit-maran","tag-top-stories","tag-topstories","tag-uldised-uudised","tag-uudised","tag-viimased-uudised"],"share_on_mastodon":{"url":"https:\/\/pubeurope.com\/@ee\/116969810486028220","error":""},"_links":{"self":[{"href":"https:\/\/www.europesays.com\/ee\/wp-json\/wp\/v2\/posts\/235027","targetHints":{"allow":["GET"]}}],"collection":[{"href":"https:\/\/www.europesays.com\/ee\/wp-json\/wp\/v2\/posts"}],"about":[{"href":"https:\/\/www.europesays.com\/ee\/wp-json\/wp\/v2\/types\/post"}],"author":[{"embeddable":true,"href":"https:\/\/www.europesays.com\/ee\/wp-json\/wp\/v2\/users\/2"}],"replies":[{"embeddable":true,"href":"https:\/\/www.europesays.com\/ee\/wp-json\/wp\/v2\/comments?post=235027"}],"version-history":[{"count":0,"href":"https:\/\/www.europesays.com\/ee\/wp-json\/wp\/v2\/posts\/235027\/revisions"}],"wp:featuredmedia":[{"embeddable":true,"href":"https:\/\/www.europesays.com\/ee\/wp-json\/wp\/v2\/media\/235028"}],"wp:attachment":[{"href":"https:\/\/www.europesays.com\/ee\/wp-json\/wp\/v2\/media?parent=235027"}],"wp:term":[{"taxonomy":"category","embeddable":true,"href":"https:\/\/www.europesays.com\/ee\/wp-json\/wp\/v2\/categories?post=235027"},{"taxonomy":"post_tag","embeddable":true,"href":"https:\/\/www.europesays.com\/ee\/wp-json\/wp\/v2\/tags?post=235027"}],"curies":[{"name":"wp","href":"https:\/\/api.w.org\/{rel}","templated":true}]}}