{"id":235039,"date":"2026-07-23T14:51:39","date_gmt":"2026-07-23T14:51:39","guid":{"rendered":"https:\/\/www.europesays.com\/ee\/235039\/"},"modified":"2026-07-23T14:51:39","modified_gmt":"2026-07-23T14:51:39","slug":"euroopa-diislikutuse-varud-on-kehvas-seisus-aga-diiselautodest-loobumine-leevendab-veidike-olukorda","status":"publish","type":"post","link":"https:\/\/www.europesays.com\/ee\/235039\/","title":{"rendered":"Euroopa diislik\u00fctuse varud on kehvas seisus, aga diiselautodest loobumine leevendab veidike olukorda"},"content":{"rendered":"<p>\u201eS\u00f5jalise konflikti t\u00f5ttu on Euroopa kaotanud praktiliselt kogu ligip\u00e4\u00e4su P\u00e4rsia lahe piirkonna tarnetele, mist\u00f5ttu saame r\u00e4\u00e4kida neli kuud kestnud p\u00fcsivast diislik\u00fctuse impordi defitsiidist, mis on viinud olukorrani, kus Amsterdami, Rotterdami ja Antwerpeni sadamapiirkonna ehk ARA diislik\u00fctuse laovarud on nelja aasta madalaimal tasemel,\u201c kommenteeris Circle K mootorik\u00fctuste hinnastamisjuht Indrek Sassi.<\/p>\n","protected":false},"excerpt":{"rendered":"\u201eS\u00f5jalise konflikti t\u00f5ttu on Euroopa kaotanud praktiliselt kogu ligip\u00e4\u00e4su P\u00e4rsia lahe piirkonna tarnetele, mist\u00f5ttu saame r\u00e4\u00e4kida neli kuud&hellip;\n","protected":false},"author":2,"featured_media":235040,"comment_status":"","ping_status":"","sticky":false,"template":"","format":"standard","meta":{"footnotes":"","_share_on_mastodon":"0"},"categories":[5],"tags":[26,27,9087,37,33,35,34,36,31,32,21,28,29,19,25,23,24,22,20,30],"class_list":["post-235039","post","type-post","status-publish","format-standard","has-post-thumbnail","category-uldised-uudised","tag-breaking-news","tag-breakingnews","tag-diislikutus","tag-ee","tag-eesti","tag-eesti-keel","tag-estonia","tag-estonian","tag-featured-news","tag-featurednews","tag-headlines","tag-latest-news","tag-latestnews","tag-news","tag-populaarseimad-lood","tag-top-stories","tag-topstories","tag-uldised-uudised","tag-uudised","tag-viimased-uudised"],"share_on_mastodon":{"url":"https:\/\/pubeurope.com\/@ee\/116969857675161742","error":""},"_links":{"self":[{"href":"https:\/\/www.europesays.com\/ee\/wp-json\/wp\/v2\/posts\/235039","targetHints":{"allow":["GET"]}}],"collection":[{"href":"https:\/\/www.europesays.com\/ee\/wp-json\/wp\/v2\/posts"}],"about":[{"href":"https:\/\/www.europesays.com\/ee\/wp-json\/wp\/v2\/types\/post"}],"author":[{"embeddable":true,"href":"https:\/\/www.europesays.com\/ee\/wp-json\/wp\/v2\/users\/2"}],"replies":[{"embeddable":true,"href":"https:\/\/www.europesays.com\/ee\/wp-json\/wp\/v2\/comments?post=235039"}],"version-history":[{"count":0,"href":"https:\/\/www.europesays.com\/ee\/wp-json\/wp\/v2\/posts\/235039\/revisions"}],"wp:featuredmedia":[{"embeddable":true,"href":"https:\/\/www.europesays.com\/ee\/wp-json\/wp\/v2\/media\/235040"}],"wp:attachment":[{"href":"https:\/\/www.europesays.com\/ee\/wp-json\/wp\/v2\/media?parent=235039"}],"wp:term":[{"taxonomy":"category","embeddable":true,"href":"https:\/\/www.europesays.com\/ee\/wp-json\/wp\/v2\/categories?post=235039"},{"taxonomy":"post_tag","embeddable":true,"href":"https:\/\/www.europesays.com\/ee\/wp-json\/wp\/v2\/tags?post=235039"}],"curies":[{"name":"wp","href":"https:\/\/api.w.org\/{rel}","templated":true}]}}