{"id":235077,"date":"2026-07-23T15:44:10","date_gmt":"2026-07-23T15:44:10","guid":{"rendered":"https:\/\/www.europesays.com\/ee\/235077\/"},"modified":"2026-07-23T15:44:10","modified_gmt":"2026-07-23T15:44:10","slug":"trumpi-liitlase-avalik-pihtimus-tunnen-end-vardjana-et-olen-viimased-viis-aastat-ukrainlaste-kannatusi-alavaaristanud","status":"publish","type":"post","link":"https:\/\/www.europesays.com\/ee\/235077\/","title":{"rendered":"Trumpi liitlase avalik pihtimus: \u00abTunnen end v\u00e4rdjana, et olen viimased viis aastat ukrainlaste kannatusi alav\u00e4\u00e4ristanud\u00bb"},"content":{"rendered":"<p>\u00abMa ei ole Venemaal, sest ma ei ole propagandist\u00bb. Selle postitusega teatas parem\u00e4\u00e4rmuslik USA aktivist Laura Loomer, kes on tihedalt seotud MAGA liikumisega ja president Donald Trumpi tulihingeline toetaja, oma reisist Ukrainasse, kus ta kahetses oma varasemaid seisukohti s\u00f5ja ja Venemaa kohta, kirjutab <a target=\"_blank\" rel=\"noopener noreferrer nofollow\" href=\"https:\/\/www.svoboda.org\/a\/rossiya-nam-ne-drug-lora-loomer-na-storone-ukrainy\/33810471.html\">Raadio Vabadus<\/a>.<\/p>\n<p>See avaldas paljudele Ukrainas muljet \u2013 kuid on ebaselge, kas sellest v\u00f5ib v\u00e4lja lugeda mingeid muutusi Donald Trumpi administratsiooni seisukohtades.<\/p>\n","protected":false},"excerpt":{"rendered":"\u00abMa ei ole Venemaal, sest ma ei ole propagandist\u00bb. Selle postitusega teatas parem\u00e4\u00e4rmuslik USA aktivist Laura Loomer, kes&hellip;\n","protected":false},"author":2,"featured_media":235078,"comment_status":"","ping_status":"","sticky":false,"template":"","format":"standard","meta":{"footnotes":"","_share_on_mastodon":"0"},"categories":[80],"tags":[6723,26,27,324,37,33,35,34,36,31,32,21,1925,28,29,68836,95,22814,19,25,93746,23,24,60176,262,22,20,96,30,661,263,92,93,94],"class_list":["post-235077","post","type-post","status-publish","format-standard","has-post-thumbnail","category-maailm","tag-aleksandr-dugin","tag-breaking-news","tag-breakingnews","tag-donald-trump","tag-ee","tag-eesti","tag-eesti-keel","tag-estonia","tag-estonian","tag-featured-news","tag-featurednews","tag-headlines","tag-iraan","tag-latest-news","tag-latestnews","tag-laura-loomer","tag-maailm","tag-maga","tag-news","tag-populaarseimad-lood","tag-rt","tag-top-stories","tag-topstories","tag-tucker-carlson","tag-ukraina","tag-uldised-uudised","tag-uudised","tag-venemaa","tag-viimased-uudised","tag-vladimir-putin","tag-volodomor-zelenskoi","tag-world","tag-world-news","tag-worldnews"],"share_on_mastodon":{"url":"","error":"Validation failed: Text character limit of 500 exceeded"},"_links":{"self":[{"href":"https:\/\/www.europesays.com\/ee\/wp-json\/wp\/v2\/posts\/235077","targetHints":{"allow":["GET"]}}],"collection":[{"href":"https:\/\/www.europesays.com\/ee\/wp-json\/wp\/v2\/posts"}],"about":[{"href":"https:\/\/www.europesays.com\/ee\/wp-json\/wp\/v2\/types\/post"}],"author":[{"embeddable":true,"href":"https:\/\/www.europesays.com\/ee\/wp-json\/wp\/v2\/users\/2"}],"replies":[{"embeddable":true,"href":"https:\/\/www.europesays.com\/ee\/wp-json\/wp\/v2\/comments?post=235077"}],"version-history":[{"count":0,"href":"https:\/\/www.europesays.com\/ee\/wp-json\/wp\/v2\/posts\/235077\/revisions"}],"wp:featuredmedia":[{"embeddable":true,"href":"https:\/\/www.europesays.com\/ee\/wp-json\/wp\/v2\/media\/235078"}],"wp:attachment":[{"href":"https:\/\/www.europesays.com\/ee\/wp-json\/wp\/v2\/media?parent=235077"}],"wp:term":[{"taxonomy":"category","embeddable":true,"href":"https:\/\/www.europesays.com\/ee\/wp-json\/wp\/v2\/categories?post=235077"},{"taxonomy":"post_tag","embeddable":true,"href":"https:\/\/www.europesays.com\/ee\/wp-json\/wp\/v2\/tags?post=235077"}],"curies":[{"name":"wp","href":"https:\/\/api.w.org\/{rel}","templated":true}]}}