{"id":235106,"date":"2026-07-23T16:29:11","date_gmt":"2026-07-23T16:29:11","guid":{"rendered":"https:\/\/www.europesays.com\/ee\/235106\/"},"modified":"2026-07-23T16:29:11","modified_gmt":"2026-07-23T16:29:11","slug":"reportaaz-%e2%9f%a9-ta-on-meie-kangelane-hersoni-rindejoone-postiljon-kannab-pensione-vene-droonide-all","status":"publish","type":"post","link":"https:\/\/www.europesays.com\/ee\/235106\/","title":{"rendered":"REPORTAA\u017d \u27e9 \u00abTa on meie kangelane\u00bb: Hersoni rindejoone postiljon kannab pensione Vene droonide all"},"content":{"rendered":"<p>Alles siis astub ta v\u00e4lja Hersoni t\u00e4navatele, kus postikandja t\u00f6\u00f6 on t\u00e4naseks muutunud sama ohtlikuks kui teenistus rindel.<\/p>\n<p>Ta suundub linna k\u00f5ige ohtlikumasse piirkonda, mis asub otse j\u00f5e kaldal. Teisel pool j\u00f5ge paiknevad juba Vene v\u00e4ed. Sealt saadetakse iga p\u00e4ev sadade kaupa r\u00fcndedroone, mis r\u00fcndavad vahet tegemata nii tsiviilelanikke kui ka s\u00f5dureid ning puistavad inimeste jalge ette miine. Nagu sellest veel v\u00e4he oleks, tulistatakse linna ka raketiheitjate ja suurt\u00fckkidega.<\/p>\n","protected":false},"excerpt":{"rendered":"Alles siis astub ta v\u00e4lja Hersoni t\u00e4navatele, kus postikandja t\u00f6\u00f6 on t\u00e4naseks muutunud sama ohtlikuks kui teenistus rindel.&hellip;\n","protected":false},"author":2,"featured_media":235107,"comment_status":"","ping_status":"","sticky":false,"template":"","format":"standard","meta":{"footnotes":"","_share_on_mastodon":"0"},"categories":[80],"tags":[26,27,884,37,33,35,34,36,31,32,21,4481,12574,28,29,95,19,25,93755,7384,23,24,262,22,20,1929,30,92,93,94],"class_list":["post-235106","post","type-post","status-publish","format-standard","has-post-thumbnail","category-maailm","tag-breaking-news","tag-breakingnews","tag-droonirunnak","tag-ee","tag-eesti","tag-eesti-keel","tag-estonia","tag-estonian","tag-featured-news","tag-featurednews","tag-headlines","tag-herson","tag-humanitaarabi","tag-latest-news","tag-latestnews","tag-maailm","tag-news","tag-populaarseimad-lood","tag-postitootaja","tag-sojapogenikud","tag-top-stories","tag-topstories","tag-ukraina","tag-uldised-uudised","tag-uudised","tag-vene-ukraina-soda","tag-viimased-uudised","tag-world","tag-world-news","tag-worldnews"],"share_on_mastodon":{"url":"https:\/\/pubeurope.com\/@ee\/116970242904104284","error":""},"_links":{"self":[{"href":"https:\/\/www.europesays.com\/ee\/wp-json\/wp\/v2\/posts\/235106","targetHints":{"allow":["GET"]}}],"collection":[{"href":"https:\/\/www.europesays.com\/ee\/wp-json\/wp\/v2\/posts"}],"about":[{"href":"https:\/\/www.europesays.com\/ee\/wp-json\/wp\/v2\/types\/post"}],"author":[{"embeddable":true,"href":"https:\/\/www.europesays.com\/ee\/wp-json\/wp\/v2\/users\/2"}],"replies":[{"embeddable":true,"href":"https:\/\/www.europesays.com\/ee\/wp-json\/wp\/v2\/comments?post=235106"}],"version-history":[{"count":0,"href":"https:\/\/www.europesays.com\/ee\/wp-json\/wp\/v2\/posts\/235106\/revisions"}],"wp:featuredmedia":[{"embeddable":true,"href":"https:\/\/www.europesays.com\/ee\/wp-json\/wp\/v2\/media\/235107"}],"wp:attachment":[{"href":"https:\/\/www.europesays.com\/ee\/wp-json\/wp\/v2\/media?parent=235106"}],"wp:term":[{"taxonomy":"category","embeddable":true,"href":"https:\/\/www.europesays.com\/ee\/wp-json\/wp\/v2\/categories?post=235106"},{"taxonomy":"post_tag","embeddable":true,"href":"https:\/\/www.europesays.com\/ee\/wp-json\/wp\/v2\/tags?post=235106"}],"curies":[{"name":"wp","href":"https:\/\/api.w.org\/{rel}","templated":true}]}}