{"id":235118,"date":"2026-07-23T16:40:09","date_gmt":"2026-07-23T16:40:09","guid":{"rendered":"https:\/\/www.europesays.com\/ee\/235118\/"},"modified":"2026-07-23T16:40:09","modified_gmt":"2026-07-23T16:40:09","slug":"haiglad-voivad-kergema-tervisemurega-patsiendi-emo-st-koju-saata-eesti","status":"publish","type":"post","link":"https:\/\/www.europesays.com\/ee\/235118\/","title":{"rendered":"Haiglad v\u00f5ivad kergema tervisemurega patsiendi EMO-st koju saata | Eesti"},"content":{"rendered":"<p>Alates kevadest on haiglatel lubatud kergemate terviseh\u00e4dadega patsiendid p\u00e4rast esmast \u00fclevaatust EMO-s tagasi saata. Esimesena hakkas seda juulist alates tegema P\u00f5hja-Eesti regionaalhaigla, kes m\u00f5ne kergema tervisemure korral esitab ka arve tehtud t\u00f6\u00f6 eest.<\/p>\n<p>Kuigi P\u00f5hja-Eesti regionaalhaigla ootas pikisilmi m\u00e4\u00e4rusemuudatust, mis lubaks kergema terviseh\u00e4da korral patsiendi EMO-st p\u00e4rast triaa\u017ei kas koju, apteeki v\u00f5i perearsti juurde saata, on uue v\u00f5imaluse kasutamine IT-probleemide t\u00f5ttu veninud.<\/p>\n<p>&#8220;See on v\u00f5tnud aega, aga alates teisest juulist oleme selle k\u00e4ivitanud ja seda \u00fchel kindlal t\u00fc\u00fcpjuhtumil. Kui patsient p\u00f6\u00f6rdub regionaalhaigla EMO-sse puugihammustusega, siis see puugi eemaldamine toimub meil triaa\u017eis,&#8221; \u00fctles PERH-i EMO juht Marit M\u00e4rk.<\/p>\n<p>Kui tavaliselt saadetakse inimene p\u00e4rast triaa\u017ei kas eri\u00f5e v\u00f5i arsti jutule edasi, siis puugi puhul antakse inimesele kaasa hoopis 50-eurone arve. Suviti p\u00f6\u00f6rdub puugimurega EMO-sse pea paarsada patsienti. Nii-\u00f6elda tagasi saadetavate h\u00e4dade nimekiri saab j\u00e4rk-j\u00e4rgult t\u00e4iendust.<\/p>\n<p>&#8220;Mida k\u00f5ige t\u00f5en\u00e4olisemalt on s\u00fcgisel oodata, on viirusinfektsioonid, kerged nohud-k\u00f6had, paar p\u00e4eva v\u00e4ikest palavikku, need patsiendid kindlasti ei pea saama meil ei eri\u00f5e ega arsti vastuv\u00f5tule,&#8221; lisas M\u00e4rk.<\/p>\n<p>Ka ei p\u00e4\u00e4se enam triaa\u017eist kaugemale putukahammustuste, kergemate l\u00f6\u00f6vete v\u00f5i marrastustega, mis ei vaja \u00f5mblemist. Pealinnas on EMO-st \u00e4ra saadetud patsientidel v\u00f5imalik p\u00f6\u00f6rduda Tallinna rahastatava valveperearstikliiniku poole, mis k\u00f5iki soovijaid vastu v\u00f5tta ei suuda.<\/p>\n<p>&#8220;Me oleme Tallinna linnale \u00f6elnud, et meie v\u00f5imekus ja arvamus on, et v\u00f5iks just viirushaiguste perioodil olla vastuv\u00f5tu v\u00f5imekus natukene suurem, sest nendel perioodidel, detsembrist kuni m\u00e4rtsi l\u00f5puni oli neid, kes j\u00e4id teenindamata v\u00f5i kellele aegu ei jagunud,&#8221; r\u00e4\u00e4kis Confido esmatasandi tervisekliiniku juht Karita Ko\u0161eleva.<\/p>\n<p>Perearsti s\u00f5nul on Eesti inimesed j\u00e4tkuvalt EMO-usku ja m\u00f5nikord s\u00f5idetakse pigem k\u00fcmnete kilomeetrite tagant Tallinna EMO-sse, selmet lugeda tervisekeskuse veebilehelt soovitusi, kuidas lihtsama tervisemure korral k\u00e4ituda. Tartu \u00dclikooli Kliinikum pealinna haigla kombel k\u00e4ituma ei hakka.<\/p>\n<p>&#8220;Meil on p\u00f5him\u00f5te, et triaa\u017ei\u00f5e \u00fclesanne on hinnata patsiendi seisundit ja abivajaduse t\u00f5sidust ehk seda, kui kiiresti patsient abi v\u00f5iks saada ja tema ei peaks selliseid otsuseid vastu v\u00f5tma,&#8221; selgitas T\u00dc kliinikumi anestesioloogia ja intensiivravi kliiniku juht Veronika Reinhard.<\/p>\n<p>Reinhardi s\u00f5nul annavad triaa\u017ei\u00f5ed lihtsamatel puhkudel soovitusi otsida abi mujalt, aga see on patsiendi otsustada, kas ta j\u00e4\u00e4b tundideks EMO-sse vastuv\u00f5ttu ootama v\u00f5i l\u00e4heb mujale.<\/p>\n","protected":false},"excerpt":{"rendered":"Alates kevadest on haiglatel lubatud kergemate terviseh\u00e4dadega patsiendid p\u00e4rast esmast \u00fclevaatust EMO-s tagasi saata. Esimesena hakkas seda juulist&hellip;\n","protected":false},"author":2,"featured_media":235119,"comment_status":"","ping_status":"","sticky":false,"template":"","format":"standard","meta":{"footnotes":"","_share_on_mastodon":"0"},"categories":[80],"tags":[26,27,37,33,35,42825,34,36,31,32,21,28,29,95,19,37136,78421,25,93756,23,24,22,20,30,92,93,94],"class_list":["post-235118","post","type-post","status-publish","format-standard","has-post-thumbnail","category-maailm","tag-breaking-news","tag-breakingnews","tag-ee","tag-eesti","tag-eesti-keel","tag-erakorraline-meditsiin","tag-estonia","tag-estonian","tag-featured-news","tag-featurednews","tag-headlines","tag-latest-news","tag-latestnews","tag-maailm","tag-news","tag-perh-emo","tag-perh-pohja-eesti-regionaalhaigla","tag-populaarseimad-lood","tag-puugi-eemaldamine","tag-top-stories","tag-topstories","tag-uldised-uudised","tag-uudised","tag-viimased-uudised","tag-world","tag-world-news","tag-worldnews"],"share_on_mastodon":{"url":"https:\/\/pubeurope.com\/@ee\/116970286320133613","error":""},"_links":{"self":[{"href":"https:\/\/www.europesays.com\/ee\/wp-json\/wp\/v2\/posts\/235118","targetHints":{"allow":["GET"]}}],"collection":[{"href":"https:\/\/www.europesays.com\/ee\/wp-json\/wp\/v2\/posts"}],"about":[{"href":"https:\/\/www.europesays.com\/ee\/wp-json\/wp\/v2\/types\/post"}],"author":[{"embeddable":true,"href":"https:\/\/www.europesays.com\/ee\/wp-json\/wp\/v2\/users\/2"}],"replies":[{"embeddable":true,"href":"https:\/\/www.europesays.com\/ee\/wp-json\/wp\/v2\/comments?post=235118"}],"version-history":[{"count":0,"href":"https:\/\/www.europesays.com\/ee\/wp-json\/wp\/v2\/posts\/235118\/revisions"}],"wp:featuredmedia":[{"embeddable":true,"href":"https:\/\/www.europesays.com\/ee\/wp-json\/wp\/v2\/media\/235119"}],"wp:attachment":[{"href":"https:\/\/www.europesays.com\/ee\/wp-json\/wp\/v2\/media?parent=235118"}],"wp:term":[{"taxonomy":"category","embeddable":true,"href":"https:\/\/www.europesays.com\/ee\/wp-json\/wp\/v2\/categories?post=235118"},{"taxonomy":"post_tag","embeddable":true,"href":"https:\/\/www.europesays.com\/ee\/wp-json\/wp\/v2\/tags?post=235118"}],"curies":[{"name":"wp","href":"https:\/\/api.w.org\/{rel}","templated":true}]}}