{"id":235137,"date":"2026-07-23T17:03:07","date_gmt":"2026-07-23T17:03:07","guid":{"rendered":"https:\/\/www.europesays.com\/ee\/235137\/"},"modified":"2026-07-23T17:03:07","modified_gmt":"2026-07-23T17:03:07","slug":"ukraina-tagandatud-kaitseminister-fedorov-nouab-ametisse-ennistamist-valismaa","status":"publish","type":"post","link":"https:\/\/www.europesays.com\/ee\/235137\/","title":{"rendered":"Ukraina tagandatud kaitseminister Fedorov n\u00f5uab ametisse ennistamist | V\u00e4lismaa"},"content":{"rendered":"<p>Ukraina endine kaitseminister M\u00f5hhailo Fedorov, kelle tagandamine vallandas n\u00e4dal aega kestnud protestid ja viis riigi relvaj\u00f5udude \u00fclemjuhataja ametist vabastamiseni, teatas neljap\u00e4eval, et l\u00fckkab tagasi president Volod\u00f5m\u00f5r Zelensk\u00f5i pakkumised uuele ametikohale.<\/p>\n<p>Populaarne reformimeelne Fedorov \u00fctles, et n\u00f5ustub ainult naasmisega oma endisele ametikohale, kus ta saaks v\u00f5idelda korruptsiooniga, juurida v\u00e4lja valekultuuri ning viia l\u00f5pule armee \u00fcmberkujundamine.<\/p>\n<p>Korraldajad on kutsunud \u00fcles uutele protestidele, et n\u00f5uda Fedorovi ametisse ennistamist, kuna Zelensk\u00f5i vabastas ta ootamatult ametist vaid kuuekuulise teenistuse j\u00e4rel.<\/p>\n<p>&#8220;Ma ei v\u00f5ta vastu \u00fchtegi muud ametikohta peale kaitseministri oma,&#8221; \u00fctles Fedorov ajakirjanikele tehtud avalduses. &#8220;\u00dckski teine roll ei anna tegelikku volitust, et v\u00f5idelda hangete korruptsiooniga, viia l\u00f5pule armee \u00fcmberkujundamine, planeerida ja l\u00e4bi viia as\u00fcmmeetrilisi operatsioone vaenlase vastu ning juurida s\u00fcsteemist v\u00e4lja valede ja vastutamatuse kultuur.&#8221;<\/p>\n<p>Zelensk\u00f5i otsus Fedorov eelmisel n\u00e4dalal vallandada t\u00f5ukas Kiievi s\u00fcgavaimasse poliitilisse kriisi alates Venemaa sissetungist 2022. aastal.<\/p>\n<p>Tuhanded noored protestisid \u00fcle kogu riigi selle otsuse vastu.<\/p>\n<p>Vaid 35-aastane Fedorov m\u00e4\u00e4rati ametisse jaanuaris mandaadiga kaasajastada ja digiteerida Ukraina s\u00f5jav\u00e4ge. Ta vabastati ametist p\u00e4rast kuudepikkuseid telgitaguseid kokkup\u00f5rkeid armee juhtkonnaga, kes tema s\u00f5nul seisid vastu tema \u00fcleskutsetele muutusteks.<\/p>\n<p>P\u00e4rast p\u00e4evi kestnud proteste vallandas Zelensk\u00f5i selle n\u00e4dala alguses oma \u00fclemjuhataja Oleksandr S\u00f5rsk\u00f5i, asendades ta Fedorovi liitlase ja samuti reformimeelse kindralmajori M\u00f5hhailo Drapat\u00f5iga.<\/p>\n<p>Kuid Zelensk\u00f5i on m\u00e4\u00e4ranud uue kaitseministri kohuset\u00e4itja ning keeldunud Fedorovile tema endist ametikohta pakkumast.<\/p>\n<p>Fedorov on Zelensk\u00f5i pikaaegne liitlane, olles temaga koost\u00f6\u00f6d teinud alates tema presidendiks saamisest 2019. aastal.<\/p>\n<p>Ta p\u00e4lvis imetlejaid nii s\u00f5jav\u00e4es kui ka v\u00e4ljaspool seda oma varajase droonide kasutuselev\u00f5tuga \u2013 ammu enne, kui sai selgeks, et need hakkavad domineerima neli ja pool aastat kestnud s\u00f5jas.<\/p>\n<p>Ta on kritiseerinud armeed selle n\u00f5ukoguliku l\u00e4henemise ja inimkaotustest mitte piisavalt hoolimise p\u00e4rast ning p\u00fc\u00fcdnud reformida s\u00f5jav\u00e4ge, mida on r\u00e4sinud skandaalid seoses korruptsiooni, varustuse puuduse, t\u00f6\u00f6lt puudumise, ajateenijate kohtlemise ja ebapopulaarse mobilisatsioonikampaaniaga.<\/p>\n<p>Alates Venemaa sissetungist 2022. aasta veebruaris on hukkunud sadu tuhandeid s\u00f5dureid konfliktis, millest on saanud Euroopa ohvriterohkeim p\u00e4rast Teist maailmas\u00f5da.<\/p>\n","protected":false},"excerpt":{"rendered":"Ukraina endine kaitseminister M\u00f5hhailo Fedorov, kelle tagandamine vallandas n\u00e4dal aega kestnud protestid ja viis riigi relvaj\u00f5udude \u00fclemjuhataja ametist&hellip;\n","protected":false},"author":2,"featured_media":235138,"comment_status":"","ping_status":"","sticky":false,"template":"","format":"standard","meta":{"footnotes":"","_share_on_mastodon":"0"},"categories":[12],"tags":[23626,26,27,37,33,35,34,36,31,32,22288,21,12957,28,29,19,254,25,23,24,22,20,30],"class_list":["post-235137","post","type-post","status-publish","format-standard","has-post-thumbnail","category-eesti","tag-ajalehtede-kojukanne","tag-breaking-news","tag-breakingnews","tag-ee","tag-eesti","tag-eesti-keel","tag-estonia","tag-estonian","tag-featured-news","tag-featurednews","tag-haired","tag-headlines","tag-laanemaa","tag-latest-news","tag-latestnews","tag-news","tag-omniva","tag-populaarseimad-lood","tag-top-stories","tag-topstories","tag-uldised-uudised","tag-uudised","tag-viimased-uudised"],"share_on_mastodon":{"url":"https:\/\/pubeurope.com\/@ee\/116970376775468126","error":""},"_links":{"self":[{"href":"https:\/\/www.europesays.com\/ee\/wp-json\/wp\/v2\/posts\/235137","targetHints":{"allow":["GET"]}}],"collection":[{"href":"https:\/\/www.europesays.com\/ee\/wp-json\/wp\/v2\/posts"}],"about":[{"href":"https:\/\/www.europesays.com\/ee\/wp-json\/wp\/v2\/types\/post"}],"author":[{"embeddable":true,"href":"https:\/\/www.europesays.com\/ee\/wp-json\/wp\/v2\/users\/2"}],"replies":[{"embeddable":true,"href":"https:\/\/www.europesays.com\/ee\/wp-json\/wp\/v2\/comments?post=235137"}],"version-history":[{"count":0,"href":"https:\/\/www.europesays.com\/ee\/wp-json\/wp\/v2\/posts\/235137\/revisions"}],"wp:featuredmedia":[{"embeddable":true,"href":"https:\/\/www.europesays.com\/ee\/wp-json\/wp\/v2\/media\/235138"}],"wp:attachment":[{"href":"https:\/\/www.europesays.com\/ee\/wp-json\/wp\/v2\/media?parent=235137"}],"wp:term":[{"taxonomy":"category","embeddable":true,"href":"https:\/\/www.europesays.com\/ee\/wp-json\/wp\/v2\/categories?post=235137"},{"taxonomy":"post_tag","embeddable":true,"href":"https:\/\/www.europesays.com\/ee\/wp-json\/wp\/v2\/tags?post=235137"}],"curies":[{"name":"wp","href":"https:\/\/api.w.org\/{rel}","templated":true}]}}