{"id":235158,"date":"2026-07-23T17:44:14","date_gmt":"2026-07-23T17:44:14","guid":{"rendered":"https:\/\/www.europesays.com\/ee\/235158\/"},"modified":"2026-07-23T17:44:14","modified_gmt":"2026-07-23T17:44:14","slug":"otsepilt-paide-euroteekond-jatkub-avaringis-kuus-kommutanud-aserite-vastu-koosseisud-kell-19-soccernet-ee","status":"publish","type":"post","link":"https:\/\/www.europesays.com\/ee\/235158\/","title":{"rendered":"OTSEPILT: Paide euroteekond j\u00e4tkub avaringis kuus k\u00f5mmutanud aserite vastu (koosseisud, kell 19!) &#8211; Soccernet.ee"},"content":{"rendered":"<ol>\n<li><a href=\"https:\/\/news.google.com\/rss\/articles\/CBMipgFBVV95cUxOdDU4YThqWHRRNHl6UVZOR2VrOTJUc3NDSkRjb1Z0cm4zd0dUNTRaZDN1OVpMUktGa3NKdkEySVdaUTlPSkpUemFaM296WU9kSGRicXhORC1FR3hEVkJDd2N1QTFLMTlMSlJ2X3FJN0NtM09WWGR5TUVXcE5keGFGVjIzaXBLYzZTSVRwNXdhbkpCWW5JUzhJQkNaMlUwa2d4WHN2UGVB?oc=5\" target=\"_blank\" rel=\"nofollow noopener\">OTSEPILT: Paide euroteekond j\u00e4tkub avaringis kuus k\u00f5mmutanud aserite vastu (koosseisud, kell 19!)<\/a>&nbsp;&nbsp;Soccernet.ee<\/li>\n<li><a href=\"https:\/\/news.google.com\/rss\/articles\/CBMixAFBVV95cUxOU2lSdTRjaFpEVEZmbUtYODg0eE9xc0hwSG05cGk2RFpoQUUzNkhkWUxENC05V0JlQm5iVFdMUVRrNW1OZ0I1LWRSREhNTVktbl9QX0Q0TkJnbDljV25NV2UycEFmNDB3WUhlb0ZIMGhac0xnRUdoTktpQWtHb25PQlRWZUxXNVdlYURTUklrVU05LTBjSUFpNmx1RUhPYjJaZmVaenFfT3ZBbG40TFRMczFvbXc4QnZ6UVlNdDBmeWQ5S2Iz?oc=5\" target=\"_blank\" rel=\"nofollow noopener\">Paide sai euroseikluse keskel ootamatu n\u00e4hvaka. Peatreener Kink: v\u00e4ga polnud aega klattida!<\/a>&nbsp;&nbsp;\u00d5htuleht<\/li>\n<li><a href=\"https:\/\/news.google.com\/rss\/articles\/CBMisgFBVV95cUxPdkVDczBOODZOck1sdmhKR3FSUndSUkoyX2w0aGM3N3VxMEM2NGF5aGpaenE2cXFUQXpvclZKWGV5dnJXZGFOV0R5ZzRhRE9IQXV0dUE0TjF4WGhZUHpWMUxQdGowWHN2SFU4ZC1OZEtUOVFRN2JhelF6eTJCNlI0cnRvSVpNVGpFcGZpUXFXNzJEek1QcjJIS0pMRjcyWURvYjVIVFItR19FT1BualVUdmRn?oc=5\" target=\"_blank\" rel=\"nofollow noopener\">Aserid ei hellita, vastu n\u00e4ppe saanud Paide peab uuesti euroj\u00e4nese k\u00fcbarast t\u00f5mbama<\/a>&nbsp;&nbsp;Soccernet.ee<\/li>\n<li><a href=\"https:\/\/news.google.com\/rss\/articles\/CBMi1AFBVV95cUxQeDIyU0UwWkZfLWJ4MExBSWRLb0NHY0VnZlZPelRmRmxEWmdOMkZpamw4M2tTcmNka0M3c0Z5TEZ1dnZJanBjVGt1TzM4ckFVUlhrWjNQZWczb25GbVBUWnFKSWNBaDlBVWJHQlhQdjQ0NnpKMUFJX0hVazRPVkpITWg3MEpsWVBGOGE4Vlhia0Fsamc4SnRiUF9rV2c3QkhmaDBUMld1cFYwSVh3a3hBeEhZTUlMSkRpWG5hZ1k4a3hWRDNSQ2VfZEczVlByMnhYdmVfZg?oc=5\" target=\"_blank\" rel=\"nofollow noopener\">Valusa kodukaotuse selja taha j\u00e4tnud Kink eurolahingust: julgelt tuleb minna m\u00e4ngima. Mida me ootame, j\u00f5ule v\u00f5i?<\/a>&nbsp;&nbsp;Soccernet.ee<\/li>\n<li><a href=\"https:\/\/news.google.com\/rss\/articles\/CBMisAFBVV95cUxNUWJWUEFSaUlFb082eTlyMk1UbVppZWZ3V2RsOGtzUkkzMHMwVzN3MEh5V0RtZlVFTEFqVUw4bWVOMzh6MEl2STVra2lWTlVkY0RHQkp4N0Rqc3FiLWdxRjllazR1Y3ppQ1pmdzRfSzRyZDJSR0lOVnh4TnB2R2ZfamRpSDZUTmFSWWJYaVByTTB6eTFuRHZweGxmOUpwWW1PWVJYZVlEaHRvYkt3eHJ2NA?oc=5\" target=\"_blank\" rel=\"nofollow noopener\">UEFA KONVERENTSILIIGA 2. EELRING: Paide Linnameeskond vs PFC Zire<\/a>&nbsp;&nbsp;Piletilevi<\/li>\n<\/ol>\n","protected":false},"excerpt":{"rendered":"OTSEPILT: Paide euroteekond j\u00e4tkub avaringis kuus k\u00f5mmutanud aserite vastu (koosseisud, kell 19!)&nbsp;&nbsp;Soccernet.ee Paide sai euroseikluse keskel ootamatu n\u00e4hvaka.&hellip;\n","protected":false},"author":2,"featured_media":235159,"comment_status":"","ping_status":"","sticky":false,"template":"","format":"standard","meta":{"footnotes":"","_share_on_mastodon":"0"},"categories":[18],"tags":[6648,37,33,35,34,36,7310,2470,907,501,159,158,93560],"class_list":["post-235158","post","type-post","status-publish","format-standard","has-post-thumbnail","category-sport","tag-aserbaidzaan","tag-ee","tag-eesti","tag-eesti-keel","tag-estonia","tag-estonian","tag-konverentsiliiga","tag-otsepilt","tag-paide","tag-paide-linnameeskond","tag-sport","tag-sports","tag-zira"],"share_on_mastodon":{"url":"https:\/\/pubeurope.com\/@ee\/116970537728181830","error":""},"_links":{"self":[{"href":"https:\/\/www.europesays.com\/ee\/wp-json\/wp\/v2\/posts\/235158","targetHints":{"allow":["GET"]}}],"collection":[{"href":"https:\/\/www.europesays.com\/ee\/wp-json\/wp\/v2\/posts"}],"about":[{"href":"https:\/\/www.europesays.com\/ee\/wp-json\/wp\/v2\/types\/post"}],"author":[{"embeddable":true,"href":"https:\/\/www.europesays.com\/ee\/wp-json\/wp\/v2\/users\/2"}],"replies":[{"embeddable":true,"href":"https:\/\/www.europesays.com\/ee\/wp-json\/wp\/v2\/comments?post=235158"}],"version-history":[{"count":0,"href":"https:\/\/www.europesays.com\/ee\/wp-json\/wp\/v2\/posts\/235158\/revisions"}],"wp:featuredmedia":[{"embeddable":true,"href":"https:\/\/www.europesays.com\/ee\/wp-json\/wp\/v2\/media\/235159"}],"wp:attachment":[{"href":"https:\/\/www.europesays.com\/ee\/wp-json\/wp\/v2\/media?parent=235158"}],"wp:term":[{"taxonomy":"category","embeddable":true,"href":"https:\/\/www.europesays.com\/ee\/wp-json\/wp\/v2\/categories?post=235158"},{"taxonomy":"post_tag","embeddable":true,"href":"https:\/\/www.europesays.com\/ee\/wp-json\/wp\/v2\/tags?post=235158"}],"curies":[{"name":"wp","href":"https:\/\/api.w.org\/{rel}","templated":true}]}}