{"id":235240,"date":"2026-07-23T19:58:32","date_gmt":"2026-07-23T19:58:32","guid":{"rendered":"https:\/\/www.europesays.com\/ee\/235240\/"},"modified":"2026-07-23T19:58:32","modified_gmt":"2026-07-23T19:58:32","slug":"miami-heat-reklaamis-kogemata-valja-lebron-jamesi-tutvustava-pressikonverentsi","status":"publish","type":"post","link":"https:\/\/www.europesays.com\/ee\/235240\/","title":{"rendered":"Miami Heat reklaamis kogemata v\u00e4lja LeBron Jamesi tutvustava pressikonverentsi"},"content":{"rendered":"<p>27. juuliks planeeritud pressikonverentsi otse\u00fclekanne reklaamiti v\u00e4lja eile. Seej\u00e4rel see teade kustutati ja klubi vabandas.<\/p>\n<p>Heati esindaja \u00fctles Reutersile, et tegemist oli t\u00f6\u00f6\u00f5nnetusega. Pressikonverentsi link oli valmis tehtud selleks juhuks, kui James otsustab meeskonnaga liituda.<\/p>\n<p>41-aastane James teatas juunis, et lahkub <a rel=\"noopener nofollow\" target=\"_blank\" href=\"https:\/\/www.delfi.ee\/teema\/56497520\/los-angeles-lakers\" tag-id=\"56497520\">Los Angeles Lakersist<\/a>, kus ta m\u00e4ngis alates 2018. aastast, kuid j\u00e4tkab karj\u00e4\u00e4ri. Miami Heati esindas ta aastatel 2010-14 ning v\u00f5itis nendega kahel korral meistritiitli.<\/p>\n<p>Selle n\u00e4dala alguses teatas Jamesi agent Rich Paul, et korvpallilegend \u201eei lase end otsuse langetamisel tagant kiirustada\u201c.<\/p>\n<p>\u201eSee on tema valik ja kui ta valiku teeb, siis ta teeb selle,\u201c \u00fctles Paul taskuh\u00e4\u00e4lingusaates.<\/p>\n<p>S\u00fcgisel NBA-s juba 24. hooaega alustav James on profiliiga rekordimees muu hulgas nii visatud punktide arvestuses (43 440) kui peetud m\u00e4ngude osas (1622).<\/p>\n<p>Kuidas see lugu Sind end tundma pani? Saada <a href=\"https:\/\/sport.delfi.ee\/a\/120599057\/miami-heat-reklaamis-kogemata-valja-lebron-jamesi-tutvustava-pressikonverentsi\/kommentaarid\" class=\"article-body-bottom__comment article-body-bottom__comment--write button button--primary button--size-auto\" rel=\"nofollow noopener\" target=\"_blank\"> Kommenteeri <\/a><a href=\"https:\/\/sport.delfi.ee\/a\/120599057\/miami-heat-reklaamis-kogemata-valja-lebron-jamesi-tutvustava-pressikonverentsi\/kommentaarid\" class=\"article-body-bottom__comment article-body-bottom__comment--read button button--size-auto\" rel=\"nofollow noopener\" target=\"_blank\"> Loe kommentaare <\/a><\/p>\n","protected":false},"excerpt":{"rendered":"27. juuliks planeeritud pressikonverentsi otse\u00fclekanne reklaamiti v\u00e4lja eile. Seej\u00e4rel see teade kustutati ja klubi vabandas. Heati esindaja \u00fctles&hellip;\n","protected":false},"author":2,"featured_media":235241,"comment_status":"","ping_status":"","sticky":false,"template":"","format":"standard","meta":{"footnotes":"","_share_on_mastodon":"0"},"categories":[18],"tags":[17514,37,33,35,34,36,7833,7834,8934,4391,12738,159,158],"class_list":["post-235240","post","type-post","status-publish","format-standard","has-post-thumbnail","category-sport","tag-cleveland-cavaliers","tag-ee","tag-eesti","tag-eesti-keel","tag-estonia","tag-estonian","tag-lebron-james","tag-los-angeles-lakers","tag-miami-heat","tag-nba","tag-philadelphia-76ers","tag-sport","tag-sports"],"share_on_mastodon":{"url":"https:\/\/pubeurope.com\/@ee\/116971064905499733","error":""},"_links":{"self":[{"href":"https:\/\/www.europesays.com\/ee\/wp-json\/wp\/v2\/posts\/235240","targetHints":{"allow":["GET"]}}],"collection":[{"href":"https:\/\/www.europesays.com\/ee\/wp-json\/wp\/v2\/posts"}],"about":[{"href":"https:\/\/www.europesays.com\/ee\/wp-json\/wp\/v2\/types\/post"}],"author":[{"embeddable":true,"href":"https:\/\/www.europesays.com\/ee\/wp-json\/wp\/v2\/users\/2"}],"replies":[{"embeddable":true,"href":"https:\/\/www.europesays.com\/ee\/wp-json\/wp\/v2\/comments?post=235240"}],"version-history":[{"count":0,"href":"https:\/\/www.europesays.com\/ee\/wp-json\/wp\/v2\/posts\/235240\/revisions"}],"wp:featuredmedia":[{"embeddable":true,"href":"https:\/\/www.europesays.com\/ee\/wp-json\/wp\/v2\/media\/235241"}],"wp:attachment":[{"href":"https:\/\/www.europesays.com\/ee\/wp-json\/wp\/v2\/media?parent=235240"}],"wp:term":[{"taxonomy":"category","embeddable":true,"href":"https:\/\/www.europesays.com\/ee\/wp-json\/wp\/v2\/categories?post=235240"},{"taxonomy":"post_tag","embeddable":true,"href":"https:\/\/www.europesays.com\/ee\/wp-json\/wp\/v2\/tags?post=235240"}],"curies":[{"name":"wp","href":"https:\/\/api.w.org\/{rel}","templated":true}]}}