{"id":235435,"date":"2026-07-24T06:19:10","date_gmt":"2026-07-24T06:19:10","guid":{"rendered":"https:\/\/www.europesays.com\/ee\/235435\/"},"modified":"2026-07-24T06:19:10","modified_gmt":"2026-07-24T06:19:10","slug":"trump-seadis-saudidega-solmitud-tuumakokkuleppele-tingimuse-leppimine-iisraeliga","status":"publish","type":"post","link":"https:\/\/www.europesays.com\/ee\/235435\/","title":{"rendered":"Trump seadis saudidega s\u00f5lmitud tuumakokkuleppele tingimuse: leppimine Iisraeliga"},"content":{"rendered":"<p>Tuumakokkulepe s\u00f5ltub t\u00e4ielikult Saudi Araabia \u00fchinemisest niinimetatud Aabrahami kokkulepetega, teatas Trump sotsiaalmeedias, viidates tema esimese ametiaja j\u00f5upingutustele normaliseerida suhted Iisraeli ja moslemiriikide vahel. Saudid on seni keeldunud seda tegemast, vahendab Washington Post.<\/p>\n<p>Kui saudid Aabrahami kokkulepetega ei \u00fchine, kaotab tuumakokkulepe kehtivuse, teatas ka <a rel=\"noopener nofollow\" target=\"_blank\" href=\"https:\/\/www.delfi.ee\/teema\/82812661\/valge-maja\" tag-id=\"82812661\">Valge Maja<\/a> pressisekret\u00e4r <a rel=\"noopener nofollow\" target=\"_blank\" href=\"https:\/\/www.delfi.ee\/teema\/96867917\/karoline-leavitt\" tag-id=\"96867917\">Karoline Leavitt<\/a> m\u00f5ni tund p\u00e4rast Trumpi postitust.<\/p>\n<p>K\u00fcsimusele, kas seda tingimust ei olnud kokkuleppes sees, kui see kolmap\u00e4eval teatavaks tehti, vastas Leavitt, et \u201el\u00f5plik diilitegija on alati Trump\u201c.<\/p>\n<p>Pole selge, kuidas hakkab Trumpi administratsioon muutma \u00f5iguslikku kokkulepet, mille on Saudi Araabia valitsusega juba allkirjastanud.<\/p>\n<p>Kokkulepe lubab Saudi Araabial ehitada USA tehnoloogiat kasutades tuumaelektrijaamu, mis avab tee ka uraani rikastamise programmile. Sellise programmi vastu on kategooriliselt Iisrael, kes kardab tuumav\u00f5idurelvastumist regioonis. Iisraeli juhid tervitasid Trumpi uut tingimust.<\/p>\n<p>Saudi Araabia juhid l\u00e4henesid suhete normaliseerimise kokkuleppele Iisraeliga 2023. aastal, aga siis r\u00fcndas palestiinlaste \u00e4\u00e4rmusr\u00fchmitus <a rel=\"noopener nofollow\" target=\"_blank\" href=\"https:\/\/www.delfi.ee\/teema\/24594809\/hamas\" tag-id=\"24594809\">Hamas<\/a> 7. oktoobril Iisraeli, kes vastas s\u00f5jaga <a rel=\"noopener nofollow\" target=\"_blank\" href=\"https:\/\/www.delfi.ee\/teema\/24594779\/gaza\" tag-id=\"24594779\">Gaza<\/a> sektoris. L\u00e4bir\u00e4\u00e4kimised on sellest ajast pausil olnud. Saudi Araabia juhid \u00fctlevad, et tahavad n\u00fc\u00fcd garantiisid, et kunagi tekib <a rel=\"noopener nofollow\" target=\"_blank\" href=\"https:\/\/www.delfi.ee\/teema\/24594805\/palestiina\" tag-id=\"24594805\">Palestiina<\/a> riik, ja Saudi Araabia avalik arvamus on s\u00f5ja t\u00f5ttu Gaza sektoris Iisraeli-vastane. Saudi Araabia-Iisraeli diplomaatilise l\u00e4bimurdega seotud tuumakokkulepe on tundunud saavutamatu.<\/p>\n<p>Kuidas see lugu Sind end tundma pani? Saada <a href=\"https:\/\/www.delfi.ee\/artikkel\/120599315\/trump-seadis-saudidega-solmitud-tuumakokkuleppele-tingimuse-leppimine-iisraeliga\/kommentaarid\" class=\"article-body-bottom__comment article-body-bottom__comment--write button button--primary button--size-auto\" rel=\"nofollow noopener\" target=\"_blank\"> Kommenteeri <\/a><a href=\"https:\/\/www.delfi.ee\/artikkel\/120599315\/trump-seadis-saudidega-solmitud-tuumakokkuleppele-tingimuse-leppimine-iisraeliga\/kommentaarid\" class=\"article-body-bottom__comment article-body-bottom__comment--read button button--size-auto\" rel=\"nofollow noopener\" target=\"_blank\"> Loe kommentaare (1)<\/a><\/p>\n","protected":false},"excerpt":{"rendered":"Tuumakokkulepe s\u00f5ltub t\u00e4ielikult Saudi Araabia \u00fchinemisest niinimetatud Aabrahami kokkulepetega, teatas Trump sotsiaalmeedias, viidates tema esimese ametiaja j\u00f5upingutustele normaliseerida&hellip;\n","protected":false},"author":2,"featured_media":235436,"comment_status":"","ping_status":"","sticky":false,"template":"","format":"standard","meta":{"footnotes":"","_share_on_mastodon":"0"},"categories":[80],"tags":[26,27,324,37,33,35,34,36,31,32,620,764,21,619,3303,28,29,95,19,763,25,1228,23,24,22,325,20,1900,30,92,93,94],"class_list":["post-235435","post","type-post","status-publish","format-standard","has-post-thumbnail","category-maailm","tag-breaking-news","tag-breakingnews","tag-donald-trump","tag-ee","tag-eesti","tag-eesti-keel","tag-estonia","tag-estonian","tag-featured-news","tag-featurednews","tag-gaza","tag-hamas","tag-headlines","tag-iisrael","tag-karoline-leavitt","tag-latest-news","tag-latestnews","tag-maailm","tag-news","tag-palestiina","tag-populaarseimad-lood","tag-saudi-araabia","tag-top-stories","tag-topstories","tag-uldised-uudised","tag-usa","tag-uudised","tag-valge-maja","tag-viimased-uudised","tag-world","tag-world-news","tag-worldnews"],"share_on_mastodon":{"url":"https:\/\/pubeurope.com\/@ee\/116973506547784174","error":""},"_links":{"self":[{"href":"https:\/\/www.europesays.com\/ee\/wp-json\/wp\/v2\/posts\/235435","targetHints":{"allow":["GET"]}}],"collection":[{"href":"https:\/\/www.europesays.com\/ee\/wp-json\/wp\/v2\/posts"}],"about":[{"href":"https:\/\/www.europesays.com\/ee\/wp-json\/wp\/v2\/types\/post"}],"author":[{"embeddable":true,"href":"https:\/\/www.europesays.com\/ee\/wp-json\/wp\/v2\/users\/2"}],"replies":[{"embeddable":true,"href":"https:\/\/www.europesays.com\/ee\/wp-json\/wp\/v2\/comments?post=235435"}],"version-history":[{"count":0,"href":"https:\/\/www.europesays.com\/ee\/wp-json\/wp\/v2\/posts\/235435\/revisions"}],"wp:featuredmedia":[{"embeddable":true,"href":"https:\/\/www.europesays.com\/ee\/wp-json\/wp\/v2\/media\/235436"}],"wp:attachment":[{"href":"https:\/\/www.europesays.com\/ee\/wp-json\/wp\/v2\/media?parent=235435"}],"wp:term":[{"taxonomy":"category","embeddable":true,"href":"https:\/\/www.europesays.com\/ee\/wp-json\/wp\/v2\/categories?post=235435"},{"taxonomy":"post_tag","embeddable":true,"href":"https:\/\/www.europesays.com\/ee\/wp-json\/wp\/v2\/tags?post=235435"}],"curies":[{"name":"wp","href":"https:\/\/api.w.org\/{rel}","templated":true}]}}