{"id":235569,"date":"2026-07-24T09:36:08","date_gmt":"2026-07-24T09:36:08","guid":{"rendered":"https:\/\/www.europesays.com\/ee\/235569\/"},"modified":"2026-07-24T09:36:08","modified_gmt":"2026-07-24T09:36:08","slug":"marek-sadam-koostoost-mikk-saarega-oleme-vaga-erinevad-2","status":"publish","type":"post","link":"https:\/\/www.europesays.com\/ee\/235569\/","title":{"rendered":"Marek Sadam koost\u00f6\u00f6st Mikk Saarega: oleme v\u00e4ga erinevad"},"content":{"rendered":"<p>\u201eKaks meest ja kitarr, aga inimesed tahavad tulla meid vaatama. Oleme selle \u00fcle juurelnud, et miks nad tahavad tulla, aga ju see on ikka Miku telekuulsus,\u201c t\u00f5des Sadam.<\/p>\n<p>Ta j\u00e4tkas: \u201eAsi on ka selles, kas sa klapid inimesega v\u00f5i mitte. Ma ei saa \u00f6elda, et me oleksime Mikuga meeletult sarnased inimesed, seda kindlasti mitte, aga koos laval olemine meile m\u00f5lemale sobib. Meil on alati millestki r\u00e4\u00e4kida ja alati millestki vaikida. Meil on m\u00f5lemal pojad, mul veel ka t\u00fctar, saame r\u00e4\u00e4kida lastest, elust endast ja taimedest.\u201c<\/p>\n<p>Esimene lugu tuli Sadamal ja Saarel spontaanselt. \u201eMe toodame muusikat, mis on meie endi seest tulnud. Kontsert on meie k\u00f5ige tugevam k\u00fclg. Me m\u00f5jume teineteisele h\u00e4sti.\u201c<\/p>\n<p>Lisaks muusikale \u00fchendab neid asjaolu, et m\u00f5lemal on v\u00e4ike poeg. Kui Saare eelkooliealine poeg istutab metsa, siis Sadama kolmeaastane poeg tuleb isa nalja j\u00e4rgi pigem harvesteriga.<\/p>\n<p>Sadam ja Saar alustasid m\u00f6\u00f6dunud n\u00e4dalal \u00fcle-eestilist ringreisi \u201eMe saame h\u00e4sti l\u00e4bi\u201c, mille raames antakse 11 kontserti kaunites Eestimaa paikades. Artistid lubavad publikule armastatud palasid, v\u00e4rsket loomingut ning vahetuid vestlusi s\u00f5prusest, muusikast ja elust.<\/p>\n<p>Kuidas see lugu Sind end tundma pani? Saada <a href=\"https:\/\/kroonika.delfi.ee\/artikkel\/120599390\/marek-sadam-koostoost-mikk-saarega-oleme-vaga-erinevad\/kommentaarid\" class=\"article-body-bottom__comment article-body-bottom__comment--write button button--primary button--size-auto\" rel=\"nofollow noopener\" target=\"_blank\"> Kommenteeri <\/a><a href=\"https:\/\/kroonika.delfi.ee\/artikkel\/120599390\/marek-sadam-koostoost-mikk-saarega-oleme-vaga-erinevad\/kommentaarid\" class=\"article-body-bottom__comment article-body-bottom__comment--read button button--size-auto\" rel=\"nofollow noopener\" target=\"_blank\"> Loe kommentaare <\/a><\/p>\n","protected":false},"excerpt":{"rendered":"\u201eKaks meest ja kitarr, aga inimesed tahavad tulla meid vaatama. Oleme selle \u00fcle juurelnud, et miks nad tahavad&hellip;\n","protected":false},"author":2,"featured_media":235570,"comment_status":"","ping_status":"","sticky":false,"template":"","format":"standard","meta":{"footnotes":"","_share_on_mastodon":"0"},"categories":[16],"tags":[37,33,35,173,34,36,26032,140,4755],"class_list":["post-235569","post","type-post","status-publish","format-standard","has-post-thumbnail","category-meelelahutus","tag-ee","tag-eesti","tag-eesti-keel","tag-entertainment","tag-estonia","tag-estonian","tag-marek-sadam","tag-meelelahutus","tag-mikk-saar"],"share_on_mastodon":{"url":"https:\/\/pubeurope.com\/@ee\/116974281301930100","error":""},"_links":{"self":[{"href":"https:\/\/www.europesays.com\/ee\/wp-json\/wp\/v2\/posts\/235569","targetHints":{"allow":["GET"]}}],"collection":[{"href":"https:\/\/www.europesays.com\/ee\/wp-json\/wp\/v2\/posts"}],"about":[{"href":"https:\/\/www.europesays.com\/ee\/wp-json\/wp\/v2\/types\/post"}],"author":[{"embeddable":true,"href":"https:\/\/www.europesays.com\/ee\/wp-json\/wp\/v2\/users\/2"}],"replies":[{"embeddable":true,"href":"https:\/\/www.europesays.com\/ee\/wp-json\/wp\/v2\/comments?post=235569"}],"version-history":[{"count":0,"href":"https:\/\/www.europesays.com\/ee\/wp-json\/wp\/v2\/posts\/235569\/revisions"}],"wp:featuredmedia":[{"embeddable":true,"href":"https:\/\/www.europesays.com\/ee\/wp-json\/wp\/v2\/media\/235570"}],"wp:attachment":[{"href":"https:\/\/www.europesays.com\/ee\/wp-json\/wp\/v2\/media?parent=235569"}],"wp:term":[{"taxonomy":"category","embeddable":true,"href":"https:\/\/www.europesays.com\/ee\/wp-json\/wp\/v2\/categories?post=235569"},{"taxonomy":"post_tag","embeddable":true,"href":"https:\/\/www.europesays.com\/ee\/wp-json\/wp\/v2\/tags?post=235569"}],"curies":[{"name":"wp","href":"https:\/\/api.w.org\/{rel}","templated":true}]}}