{"id":235618,"date":"2026-07-24T10:32:17","date_gmt":"2026-07-24T10:32:17","guid":{"rendered":"https:\/\/www.europesays.com\/ee\/235618\/"},"modified":"2026-07-24T10:32:17","modified_gmt":"2026-07-24T10:32:17","slug":"kermo-murel-oma-uuest-singlist-see-on-parmulaul-raadio-2","status":"publish","type":"post","link":"https:\/\/www.europesays.com\/ee\/235618\/","title":{"rendered":"Kermo Murel oma uuest singlist: see on parmulaul | Raadio 2"},"content":{"rendered":"<p>Lugudega &#8220;Ebapopulaarne&#8221; ja &#8220;Rahvalaul&#8221; rahva s\u00fcdame v\u00f5itnud Murel r\u00e4\u00e4kis saates &#8220;R2 Hommik!&#8221;, et on saanud valmis uue loo, mis on sisuliselt parmulaul. Mureli s\u00f5nul on tal sel suvel 40 kontserti.<\/p>\n<p>&#8220;Clicherik ja M\u00e4x pundiga on meil kontserte rohkem. Eelmisel aastal oli aasta peale kokku 70 esinemist, sel suvel on 30\u201340,&#8221; \u00fctles Kermo Murel, kodanikunimega Max \u00d5ispuu.<\/p>\n<p>Eesti Laulul astusid Clicherik ja M\u00e4x lavale piraadilauluga ja j\u00e4id seitsmendaks.<\/p>\n<p>&#8220;Meil saab j\u00e4rgmisel aastal k\u00fcmme aastat mussi kirjutamisest, kui me Raadio 2-s r\u00e4piv\u00f5istlusel k\u00e4isime ja igav hakkab, kui sa teed midagi lihtsalt nii otse,&#8221; t\u00f5des Murel. &#8220;Tookord ma kartsin raadios r\u00e4\u00e4kida, n\u00fc\u00fcd olen elevil.&#8221;<\/p>\n<p>Lugudega\u00a0&#8220;Ebapopulaarne&#8221;\u00a0ja\u00a0&#8220;Rahvalaul&#8221;\u00a0rahva s\u00fcdame v\u00f5itnud Kermo Murel on valmis saanud uue loo &#8220;Vaadi Hele (chug chug)&#8221;.<\/p>\n<p>&#8220;See on sisuliselt parmulaul,&#8221; muheles Murel.<\/p>\n","protected":false},"excerpt":{"rendered":"Lugudega &#8220;Ebapopulaarne&#8221; ja &#8220;Rahvalaul&#8221; rahva s\u00fcdame v\u00f5itnud Murel r\u00e4\u00e4kis saates &#8220;R2 Hommik!&#8221;, et on saanud valmis uue loo,&hellip;\n","protected":false},"author":2,"featured_media":235619,"comment_status":"","ping_status":"","sticky":false,"template":"","format":"standard","meta":{"footnotes":"","_share_on_mastodon":"0"},"categories":[16],"tags":[37,33,35,173,34,36,3151,3153,140],"class_list":["post-235618","post","type-post","status-publish","format-standard","has-post-thumbnail","category-meelelahutus","tag-ee","tag-eesti","tag-eesti-keel","tag-entertainment","tag-estonia","tag-estonian","tag-kermo-murel","tag-max-oispuu","tag-meelelahutus"],"share_on_mastodon":{"url":"https:\/\/pubeurope.com\/@ee\/116974501664226074","error":""},"_links":{"self":[{"href":"https:\/\/www.europesays.com\/ee\/wp-json\/wp\/v2\/posts\/235618","targetHints":{"allow":["GET"]}}],"collection":[{"href":"https:\/\/www.europesays.com\/ee\/wp-json\/wp\/v2\/posts"}],"about":[{"href":"https:\/\/www.europesays.com\/ee\/wp-json\/wp\/v2\/types\/post"}],"author":[{"embeddable":true,"href":"https:\/\/www.europesays.com\/ee\/wp-json\/wp\/v2\/users\/2"}],"replies":[{"embeddable":true,"href":"https:\/\/www.europesays.com\/ee\/wp-json\/wp\/v2\/comments?post=235618"}],"version-history":[{"count":0,"href":"https:\/\/www.europesays.com\/ee\/wp-json\/wp\/v2\/posts\/235618\/revisions"}],"wp:featuredmedia":[{"embeddable":true,"href":"https:\/\/www.europesays.com\/ee\/wp-json\/wp\/v2\/media\/235619"}],"wp:attachment":[{"href":"https:\/\/www.europesays.com\/ee\/wp-json\/wp\/v2\/media?parent=235618"}],"wp:term":[{"taxonomy":"category","embeddable":true,"href":"https:\/\/www.europesays.com\/ee\/wp-json\/wp\/v2\/categories?post=235618"},{"taxonomy":"post_tag","embeddable":true,"href":"https:\/\/www.europesays.com\/ee\/wp-json\/wp\/v2\/tags?post=235618"}],"curies":[{"name":"wp","href":"https:\/\/api.w.org\/{rel}","templated":true}]}}