{"id":235649,"date":"2026-07-24T11:06:10","date_gmt":"2026-07-24T11:06:10","guid":{"rendered":"https:\/\/www.europesays.com\/ee\/235649\/"},"modified":"2026-07-24T11:06:10","modified_gmt":"2026-07-24T11:06:10","slug":"vaevu-kakskummend-aastat-vana-aga-juba-elust-vasinud","status":"publish","type":"post","link":"https:\/\/www.europesays.com\/ee\/235649\/","title":{"rendered":"Vaevu kaksk\u00fcmmend aastat vana, aga juba elust v\u00e4sinud"},"content":{"rendered":"<p>Thomas Fletti elatis s\u00f5ltub m\u00f5\u00f5nadest, aga ta teab, et l\u00f5pp on l\u00e4hedal. \u00dchel p\u00e4eval \u00fcsna pea pole tema jaoks rannal enam suurt midagi j\u00e4rel, mida liivast v\u00e4lja urgitseda ja mida poleks v\u00f5imalik saada kiiremal meetodil poole odavamalt. N\u00f5udlus tema p\u00fc\u00fcgi j\u00e4rele v\u00e4heneb juba praegu ja kes saaks garanteerida, et meri \u00fcldse annab edaspidi v\u00e4lja s\u00f6\u00f6gik\u00f5lbulikke krevette. Vees on n\u00fc\u00fcd igasugust kraami, mida tema poisip\u00f5lves seal polnud. Veidraid kemikaale ja pestitsiide ja reovett. Vaevu kaks n\u00e4dalat tagasi oli rannariba idast l\u00e4\u00e4nde kaetud roiskunud rasvase kirmega; kuu aega enne seda kahlas ta madalasse vette suundudes l\u00e4bi vahu, mis lehkas hapuks l\u00e4inud piima j\u00e4rele. P\u00f5gusad juhtumised, aga kui tema arvamust k\u00fcsitaks, kuulutavad need kurja \u2013 viimasel ajal on keeruline und saada. Tema unen\u00e4od on t\u00e4is m\u00e4danevatest krevettidest kuhjunud r\u00e4buhunnikuid ja tema nende keskel, labidas k\u00e4es, \u00fcritab endale teed teha.<\/p>\n","protected":false},"excerpt":{"rendered":"Thomas Fletti elatis s\u00f5ltub m\u00f5\u00f5nadest, aga ta teab, et l\u00f5pp on l\u00e4hedal. \u00dchel p\u00e4eval \u00fcsna pea pole tema&hellip;\n","protected":false},"author":2,"featured_media":235650,"comment_status":"","ping_status":"","sticky":false,"template":"","format":"standard","meta":{"footnotes":"","_share_on_mastodon":"0"},"categories":[18],"tags":[93913,37,33,35,34,36,93914,11749,93915,13634,159,158],"class_list":["post-235649","post","type-post","status-publish","format-standard","has-post-thumbnail","category-sport","tag-benjamin-wood","tag-ee","tag-eesti","tag-eesti-keel","tag-estonia","tag-estonian","tag-kalurikula-elu","tag-katkend","tag-klassiuhiskond","tag-raamatukatkend","tag-sport","tag-sports"],"share_on_mastodon":{"url":"https:\/\/pubeurope.com\/@ee\/116974635118946300","error":""},"_links":{"self":[{"href":"https:\/\/www.europesays.com\/ee\/wp-json\/wp\/v2\/posts\/235649","targetHints":{"allow":["GET"]}}],"collection":[{"href":"https:\/\/www.europesays.com\/ee\/wp-json\/wp\/v2\/posts"}],"about":[{"href":"https:\/\/www.europesays.com\/ee\/wp-json\/wp\/v2\/types\/post"}],"author":[{"embeddable":true,"href":"https:\/\/www.europesays.com\/ee\/wp-json\/wp\/v2\/users\/2"}],"replies":[{"embeddable":true,"href":"https:\/\/www.europesays.com\/ee\/wp-json\/wp\/v2\/comments?post=235649"}],"version-history":[{"count":0,"href":"https:\/\/www.europesays.com\/ee\/wp-json\/wp\/v2\/posts\/235649\/revisions"}],"wp:featuredmedia":[{"embeddable":true,"href":"https:\/\/www.europesays.com\/ee\/wp-json\/wp\/v2\/media\/235650"}],"wp:attachment":[{"href":"https:\/\/www.europesays.com\/ee\/wp-json\/wp\/v2\/media?parent=235649"}],"wp:term":[{"taxonomy":"category","embeddable":true,"href":"https:\/\/www.europesays.com\/ee\/wp-json\/wp\/v2\/categories?post=235649"},{"taxonomy":"post_tag","embeddable":true,"href":"https:\/\/www.europesays.com\/ee\/wp-json\/wp\/v2\/tags?post=235649"}],"curies":[{"name":"wp","href":"https:\/\/api.w.org\/{rel}","templated":true}]}}