{"id":235727,"date":"2026-07-24T12:22:10","date_gmt":"2026-07-24T12:22:10","guid":{"rendered":"https:\/\/www.europesays.com\/ee\/235727\/"},"modified":"2026-07-24T12:22:10","modified_gmt":"2026-07-24T12:22:10","slug":"me-lihtsalt-ei-ole-piisavalt-folgiband-miks-ei-esine-ansambel-sadu-viljandi-parimusmuusika-festivalil","status":"publish","type":"post","link":"https:\/\/www.europesays.com\/ee\/235727\/","title":{"rendered":"\u201eMe lihtsalt ei ole piisavalt folgib\u00e4nd.\u201c Miks ei esine ansambel Sadu Viljandi p\u00e4rimusmuusika festivalil?"},"content":{"rendered":"<p>Samal ajal kui Viljandis avati t\u00e4navune p\u00e4rimusmuusika festival, toimus J\u00f5el\u00e4htmel \u201e\u00d5htud Anuga\u201c. Muu hulgas uuris <a rel=\"noopener nofollow\" target=\"_blank\" href=\"https:\/\/www.delfi.ee\/teema\/1111\/anu-valba\" tag-id=\"1111\">Anu V\u00e4lba<\/a> oma \u00fcritusel ansambli Sadu liikmetelt muiates, miks nemad t\u00e4navusel folgil ei esine. <\/p>\n<p>\u201eP\u00e4rimusmuusikast r\u00e4\u00e4kides on mul nii hea meel, et oleme t\u00e4na kogunenud siia samal ajal, kui Viljandis toimub p\u00e4rimusmuusika festival, kuhu Sadu ei kvalifitseerunud. Milles probleem on?\u201c k\u00fcsis V\u00e4lba muigega.<\/p>\n<p>Oled juba tellija?Logi sisse<\/p>\n<p><a href=\"https:\/\/kroonika.delfi.ee\/artikkel\/120599408\/me-lihtsalt-ei-ole-piisavalt-folgiband-miks-ei-esine-ansambel-sadu-viljandi-parimusmuusika-festivalil\/kommentaarid\" class=\"article-body-bottom__comment article-body-bottom__comment--write button button--primary button--size-auto\" rel=\"nofollow noopener\" target=\"_blank\"> Kommenteeri <\/a><a href=\"https:\/\/kroonika.delfi.ee\/artikkel\/120599408\/me-lihtsalt-ei-ole-piisavalt-folgiband-miks-ei-esine-ansambel-sadu-viljandi-parimusmuusika-festivalil\/kommentaarid\" class=\"article-body-bottom__comment article-body-bottom__comment--read button button--size-auto\" rel=\"nofollow noopener\" target=\"_blank\"> Loe kommentaare (6)<\/a><\/p>\n","protected":false},"excerpt":{"rendered":"Samal ajal kui Viljandis avati t\u00e4navune p\u00e4rimusmuusika festival, toimus J\u00f5el\u00e4htmel \u201e\u00d5htud Anuga\u201c. Muu hulgas uuris Anu V\u00e4lba oma&hellip;\n","protected":false},"author":2,"featured_media":235728,"comment_status":"","ping_status":"","sticky":false,"template":"","format":"standard","meta":{"footnotes":"","_share_on_mastodon":"0"},"categories":[16],"tags":[1388,37,33,35,173,34,36,140,5020],"class_list":["post-235727","post","type-post","status-publish","format-standard","has-post-thumbnail","category-meelelahutus","tag-anu-valba","tag-ee","tag-eesti","tag-eesti-keel","tag-entertainment","tag-estonia","tag-estonian","tag-meelelahutus","tag-sadu"],"share_on_mastodon":{"url":"https:\/\/pubeurope.com\/@ee\/116974934062015079","error":""},"_links":{"self":[{"href":"https:\/\/www.europesays.com\/ee\/wp-json\/wp\/v2\/posts\/235727","targetHints":{"allow":["GET"]}}],"collection":[{"href":"https:\/\/www.europesays.com\/ee\/wp-json\/wp\/v2\/posts"}],"about":[{"href":"https:\/\/www.europesays.com\/ee\/wp-json\/wp\/v2\/types\/post"}],"author":[{"embeddable":true,"href":"https:\/\/www.europesays.com\/ee\/wp-json\/wp\/v2\/users\/2"}],"replies":[{"embeddable":true,"href":"https:\/\/www.europesays.com\/ee\/wp-json\/wp\/v2\/comments?post=235727"}],"version-history":[{"count":0,"href":"https:\/\/www.europesays.com\/ee\/wp-json\/wp\/v2\/posts\/235727\/revisions"}],"wp:featuredmedia":[{"embeddable":true,"href":"https:\/\/www.europesays.com\/ee\/wp-json\/wp\/v2\/media\/235728"}],"wp:attachment":[{"href":"https:\/\/www.europesays.com\/ee\/wp-json\/wp\/v2\/media?parent=235727"}],"wp:term":[{"taxonomy":"category","embeddable":true,"href":"https:\/\/www.europesays.com\/ee\/wp-json\/wp\/v2\/categories?post=235727"},{"taxonomy":"post_tag","embeddable":true,"href":"https:\/\/www.europesays.com\/ee\/wp-json\/wp\/v2\/tags?post=235727"}],"curies":[{"name":"wp","href":"https:\/\/api.w.org\/{rel}","templated":true}]}}