{"id":235764,"date":"2026-07-24T13:00:08","date_gmt":"2026-07-24T13:00:08","guid":{"rendered":"https:\/\/www.europesays.com\/ee\/235764\/"},"modified":"2026-07-24T13:00:08","modified_gmt":"2026-07-24T13:00:08","slug":"aron-sai-ungari-gp-vabatreeningul-19-koha-vormelisport","status":"publish","type":"post","link":"https:\/\/www.europesays.com\/ee\/235764\/","title":{"rendered":"Aron sai Ungari GP vabatreeningul 19. koha | Vormelisport"},"content":{"rendered":"<p>Eesti vormelipiloot Paul Aron tegi Ungari GP-l kaasa vabatreeningul, teenides Alpine&#8217;i vormeli roolis 19. koha.<\/p>\n<p>22-aastane Aron sai oma karj\u00e4\u00e4ri kaheksandal treeningsessioonil parimaks ajaks kirja 1.22,168, millega p\u00e4lvis 22 piloodi seas 19. koha. Parimat minekut n\u00e4itas Ferrari piloot Charles Leclerc, kelle ajaks j\u00e4i 1.19,075. Aron kaotas talle 3,093 sekundiga.<\/p>\n<p>Esimeses vabatreeningus mahtusid Leclerci j\u00e4rel esikolmikusse veel Max Verstappen (Red Bull; +0,484) ning Lewis Hamilton (Ferrari; +0,543). Neile kolmele j\u00e4rgnesid Isak Hadjar (Red Bull; +0,922) ning sekundi sisse mahtus veel George Russell (Mercedes; +0,991).<\/p>\n<p>MM-sarja \u00fcldliider Kimi Antonelli asemel Mercedese rooli taga istunud taanlane Frederik Vesti n\u00e4itas taset, kui saavutas seitsmenda koha (+1,392). Reservs\u00f5itjaid oli koos Aroniga kokku rajal viis t\u00fckki, parim oli MM-sarja \u00fcldliidri Kimi Antonelli asemel Mercedese rooli istunud Frederik Vesti, kes saavutas seitsmenda koha (+1,392). Leonardo Fornaroli (McLaren; +2,815) sai 16. koha ja Ryo Hirakawa (Haas; +2,926) 17. koha, Colton Herta (Cadillac; +4,043) j\u00e4i Aroni seljataha.<\/p>\n<p>Ungari GP p\u00f5his\u00f5it algab p\u00fchap\u00e4eval kell 16.<\/p>\n","protected":false},"excerpt":{"rendered":"Eesti vormelipiloot Paul Aron tegi Ungari GP-l kaasa vabatreeningul, teenides Alpine&#8217;i vormeli roolis 19. koha. 22-aastane Aron sai&hellip;\n","protected":false},"author":2,"featured_media":235765,"comment_status":"","ping_status":"","sticky":false,"template":"","format":"standard","meta":{"footnotes":"","_share_on_mastodon":"0"},"categories":[5],"tags":[26,27,37,33,35,34,36,31,32,21,28,29,19,1163,25,23,24,22,20,30,29372],"class_list":["post-235764","post","type-post","status-publish","format-standard","has-post-thumbnail","category-uldised-uudised","tag-breaking-news","tag-breakingnews","tag-ee","tag-eesti","tag-eesti-keel","tag-estonia","tag-estonian","tag-featured-news","tag-featurednews","tag-headlines","tag-latest-news","tag-latestnews","tag-news","tag-paul-aron","tag-populaarseimad-lood","tag-top-stories","tag-topstories","tag-uldised-uudised","tag-uudised","tag-viimased-uudised","tag-vormel-1-2026"],"share_on_mastodon":{"url":"https:\/\/pubeurope.com\/@ee\/116975083587008210","error":""},"_links":{"self":[{"href":"https:\/\/www.europesays.com\/ee\/wp-json\/wp\/v2\/posts\/235764","targetHints":{"allow":["GET"]}}],"collection":[{"href":"https:\/\/www.europesays.com\/ee\/wp-json\/wp\/v2\/posts"}],"about":[{"href":"https:\/\/www.europesays.com\/ee\/wp-json\/wp\/v2\/types\/post"}],"author":[{"embeddable":true,"href":"https:\/\/www.europesays.com\/ee\/wp-json\/wp\/v2\/users\/2"}],"replies":[{"embeddable":true,"href":"https:\/\/www.europesays.com\/ee\/wp-json\/wp\/v2\/comments?post=235764"}],"version-history":[{"count":0,"href":"https:\/\/www.europesays.com\/ee\/wp-json\/wp\/v2\/posts\/235764\/revisions"}],"wp:featuredmedia":[{"embeddable":true,"href":"https:\/\/www.europesays.com\/ee\/wp-json\/wp\/v2\/media\/235765"}],"wp:attachment":[{"href":"https:\/\/www.europesays.com\/ee\/wp-json\/wp\/v2\/media?parent=235764"}],"wp:term":[{"taxonomy":"category","embeddable":true,"href":"https:\/\/www.europesays.com\/ee\/wp-json\/wp\/v2\/categories?post=235764"},{"taxonomy":"post_tag","embeddable":true,"href":"https:\/\/www.europesays.com\/ee\/wp-json\/wp\/v2\/tags?post=235764"}],"curies":[{"name":"wp","href":"https:\/\/api.w.org\/{rel}","templated":true}]}}