{"id":235812,"date":"2026-07-24T14:02:14","date_gmt":"2026-07-24T14:02:14","guid":{"rendered":"https:\/\/www.europesays.com\/ee\/235812\/"},"modified":"2026-07-24T14:02:14","modified_gmt":"2026-07-24T14:02:14","slug":"balti-riikide-olumpiakomiteed-moistavad-rok-i-otsuse-uhiselt-hukka","status":"publish","type":"post","link":"https:\/\/www.europesays.com\/ee\/235812\/","title":{"rendered":"Balti riikide ol\u00fcmpiakomiteed m\u00f5istavad ROK-i otsuse \u00fchiselt hukka"},"content":{"rendered":"<p>Eesti, L\u00e4ti ja Leedu ol\u00fcmpiakomitee seisavad koos Ukraina Rahvusliku Ol\u00fcmpiakomiteega ausa ja reeglitep\u00f5hise m\u00e4ngu ning ol\u00fcmpialiikumise v\u00e4\u00e4rtuste eest. Neli riiki teevad \u00fchist koost\u00f6\u00f6d selle nimel, et kaitsta sportlaste huve, toetada nende arengut ning edendada vastastikust austust rahvusvahelise spordis.<\/p>\n<p>\u00abEesti, L\u00e4ti ja Leedu ol\u00fcmpiakomiteed m\u00f5istavad \u00fchiselt hukka ROK-i otsuse lubada Venemaa ja Valgevene tagasi rahvusvahelisele spordiareenile. Loodame, et rahvusvahelised alaliidud ja Euroopa Liit teevad k\u00f5ik endast oleneva, et venelased veel niipea reaalselt v\u00f5istlema ei j\u00f5uaks, eriti mitte oma lipu ja s\u00fcmboolikaga,\u00bb \u00fctles Eesti Ol\u00fcmpiakomitee president Erich Teigam\u00e4gi peale kohtumist L\u00e4ti Ol\u00fcmpiakomitee presidendi Raimonds Lazdinsi ja Leedu Ol\u00fcmpiakomitee president Daina Gudzinevi\u010di\u016bt\u0117ga.<\/p>\n<p>Balti riikide ol\u00fcmpiakomiteede juhid kohtusid 23. juulil Riias, kus arutati \u00fchist koost\u00f6\u00f6d ja selle tugevdamist Balti riikide ol\u00fcmpialiikumistes. Muuhulgas arutati ka Balti riikide ja Ukraina seisukohta ROK-i hiljutiste otsuste valguses.<\/p>\n<p>Nii Ukraina Ol\u00fcmpiakomitee president Vad\u00f5m Gutzeit kui Balti ol\u00fcmpialiikumiste presidendid olid \u00fchel n\u00f5ul, et kujunenud olukorras ei tohi vastutust l\u00fckata kohalikele alaliitudele v\u00f5i \u00fcksikutele sportlastele.<\/p>\n<p>Kui sportlased on sunnitud koos venelaste v\u00f5i valgevenelastega v\u00f5istlemisest keelduma, isoleerib see neid \u00fchtlasi rahvusvahelisest spordikogukonnast, j\u00e4tab ilma vajalikust v\u00f5istluskogemusest ning ei kaitse pikas plaanis \u00fchegi demokraatliku riigi huve, leidsid ol\u00fcmpiakomiteede juhid.<\/p>\n<p>\u00abSelline lahendus ei ole j\u00e4tkusuutlik. Kui sportlased on sunnitud v\u00f5istlemisest loobuma, laseme reegleid kehtestada agressoril ning kingime neile sellega veel \u00fche v\u00f5idu. Seet\u00f5ttu soovitame oma sportlastel j\u00e4tkuvalt v\u00f5istelda ja v\u00f5ita. Eesti, L\u00e4ti ja Leedu ei luba j\u00e4tkuvalt Venemaa ega Valgevene esindajatel oma riiki siseneda ning me ei pea \u00f5igeks ka seda, et meie sportlased l\u00e4heksid v\u00f5istlema Venemaale v\u00f5i Valgevenesse,\u00bb s\u00f5nas Teigam\u00e4gi.<\/p>\n","protected":false},"excerpt":{"rendered":"Eesti, L\u00e4ti ja Leedu ol\u00fcmpiakomitee seisavad koos Ukraina Rahvusliku Ol\u00fcmpiakomiteega ausa ja reeglitep\u00f5hise m\u00e4ngu ning ol\u00fcmpialiikumise v\u00e4\u00e4rtuste eest.&hellip;\n","protected":false},"author":2,"featured_media":235813,"comment_status":"","ping_status":"","sticky":false,"template":"","format":"standard","meta":{"footnotes":"","_share_on_mastodon":"0"},"categories":[18],"tags":[70706,93975,34891,93979,37,33,35,494,56384,34,36,93976,93977,20129,34892,2377,159,158,93978,16632],"class_list":["post-235812","post","type-post","status-publish","format-standard","has-post-thumbnail","category-sport","tag-balti-maja","tag-balti-riikide-olumpiakomiteed","tag-daina-gudzineviciute","tag-dakari-noorte-olumpiamangud","tag-ee","tag-eesti","tag-eesti-keel","tag-eesti-olumpiakomitee","tag-erich-teigamagi","tag-estonia","tag-estonian","tag-lati-olumpiakomitee","tag-leedu-olumpiakomitee","tag-los-angelese-olumpiamangud","tag-raimonds-lazdins","tag-rok","tag-sport","tag-sports","tag-ukraina-olumpiakomitee","tag-vadom-gutzeit"],"share_on_mastodon":{"url":"https:\/\/pubeurope.com\/@ee\/116975327288469541","error":""},"_links":{"self":[{"href":"https:\/\/www.europesays.com\/ee\/wp-json\/wp\/v2\/posts\/235812","targetHints":{"allow":["GET"]}}],"collection":[{"href":"https:\/\/www.europesays.com\/ee\/wp-json\/wp\/v2\/posts"}],"about":[{"href":"https:\/\/www.europesays.com\/ee\/wp-json\/wp\/v2\/types\/post"}],"author":[{"embeddable":true,"href":"https:\/\/www.europesays.com\/ee\/wp-json\/wp\/v2\/users\/2"}],"replies":[{"embeddable":true,"href":"https:\/\/www.europesays.com\/ee\/wp-json\/wp\/v2\/comments?post=235812"}],"version-history":[{"count":0,"href":"https:\/\/www.europesays.com\/ee\/wp-json\/wp\/v2\/posts\/235812\/revisions"}],"wp:featuredmedia":[{"embeddable":true,"href":"https:\/\/www.europesays.com\/ee\/wp-json\/wp\/v2\/media\/235813"}],"wp:attachment":[{"href":"https:\/\/www.europesays.com\/ee\/wp-json\/wp\/v2\/media?parent=235812"}],"wp:term":[{"taxonomy":"category","embeddable":true,"href":"https:\/\/www.europesays.com\/ee\/wp-json\/wp\/v2\/categories?post=235812"},{"taxonomy":"post_tag","embeddable":true,"href":"https:\/\/www.europesays.com\/ee\/wp-json\/wp\/v2\/tags?post=235812"}],"curies":[{"name":"wp","href":"https:\/\/api.w.org\/{rel}","templated":true}]}}