{"id":235851,"date":"2026-07-24T14:57:11","date_gmt":"2026-07-24T14:57:11","guid":{"rendered":"https:\/\/www.europesays.com\/ee\/235851\/"},"modified":"2026-07-24T14:57:11","modified_gmt":"2026-07-24T14:57:11","slug":"ukrainast-saab-om-il-balti-maja-aukulaline-rok-i-otsus-moisteti-hukka-olumpialiikumine","status":"publish","type":"post","link":"https:\/\/www.europesays.com\/ee\/235851\/","title":{"rendered":"Ukrainast saab OM-il Balti maja auk\u00fclaline, ROK-i otsus m\u00f5isteti hukka | Ol\u00fcmpialiikumine"},"content":{"rendered":"<p>Eesti, L\u00e4ti ja Leedu ol\u00fcmpiakomitee seisavad koos Ukraina Rahvusliku Ol\u00fcmpiakomiteega ausa ja reeglitep\u00f5hise m\u00e4ngu ning ol\u00fcmpialiikumise v\u00e4\u00e4rtuste eest ja m\u00f5istavad \u00fchiselt hukka ROK-i otsuse lubada Venemaa ja Valgevene tagasi rahvusvahelisele spordiareenile.<\/p>\n<p>Neli riiki teevad \u00fchist koost\u00f6\u00f6d selle nimel, et kaitsta sportlaste huve, toetada nende arengut ning edendada vastastikust austust rahvusvahelise spordis.\u00a0<\/p>\n<p>&#8220;Loodame, et rahvusvahelised alaliidud ja Euroopa Liit teevad k\u00f5ik endast oleneva, et venelased veel niipea reaalselt v\u00f5istlema ei j\u00f5uaks, eriti mitte oma lipu ja s\u00fcmboolikaga,&#8221; \u00fctles Eesti Ol\u00fcmpiakomitee president Erich Teigam\u00e4gi p\u00e4rast kohtumist L\u00e4ti Ol\u00fcmpiakomitee presidendi Raimonds Lazdinsi ja Leedu Ol\u00fcmpiakomitee presidendi Daina Gudzineviciutega.\u00a0<\/p>\n<p>Balti riikide ol\u00fcmpiakomiteede juhid kohtusid 23. juulil Riias, kus arutati \u00fchist koost\u00f6\u00f6d ja selle tugevdamist Balti riikide ol\u00fcmpialiikumistes. Muuhulgas arutati ka Balti riikide ja Ukraina seisukohta ROK-i hiljutiste otsuste valguses. \u00a0<\/p>\n<p>Nii Ukraina Ol\u00fcmpiakomitee president Vad\u00f5m Gutzeit kui Balti ol\u00fcmpialiikumiste presidendid olid \u00fchel n\u00f5ul, et kujunenud olukorras ei tohi vastutust l\u00fckata kohalikele alaliitudele v\u00f5i \u00fcksikutele sportlastele. Kui sportlased on sunnitud koos venelaste v\u00f5i valgevenelastega v\u00f5istlemisest keelduma, isoleerib see neid \u00fchtlasi rahvusvahelisest spordikogukonnast, j\u00e4tab ilma vajalikust v\u00f5istluskogemusest ning ei kaitse pikas plaanis \u00fchegi demokraatliku riigi huve. \u00a0<\/p>\n<p>&#8220;Selline lahendus ei ole j\u00e4tkusuutlik. Kui sportlased on sunnitud v\u00f5istlemisest loobuma, laseme reegleid kehtestada agressoril ning kingime neile sellega veel \u00fche v\u00f5idu. Seet\u00f5ttu soovitame oma sportlastel j\u00e4tkuvalt v\u00f5istelda ja v\u00f5ita. Eesti, L\u00e4ti ja Leedu ei luba j\u00e4tkuvalt Venemaa ega Valgevene esindajatel oma riiki siseneda ning me ei pea \u00f5igeks ka seda, et meie sportlased l\u00e4heksid v\u00f5istlema Venemaale v\u00f5i Valgevenesse, &#8221; s\u00f5nas Eesti Ol\u00fcmpiakomitee president Erich Teigam\u00e4gi. \u00a0<\/p>\n<p>Lisaks oli kohtumisel arutelu all 2028. aasta Los Angelese ol\u00fcmpiam\u00e4ngude ajal avatava Balti maja kontseptsioon, mis on kolme riigi \u00fchine esindus- ja kohtumispaik ol\u00fcmpialinnas. Balti majas tutvustatakse Balti riike, korraldatakse \u00fchiseid s\u00fcndmusi ning v\u00f5\u00f5rustatakse sportlasi, koost\u00f6\u00f6partnereid ja k\u00fclalisi. Kolme riigi kokkuleppel otsustati kutsuda Ukraina Balti maja auk\u00fclaliseks, mis omakorda aitab Ukrainal r\u00e4\u00e4kida oma lugu ka rahvusvahelisel spordiareenil. \u00a0\u00a0<\/p>\n<p>Kohtumisel k\u00e4sitleti ka Ukraina noortekoondise ettevalmistusi s\u00fcgisel toimuvateks Dakari noorte ol\u00fcmpiam\u00e4ngudeks. L\u00e4ti Ol\u00fcmpiakomitee president Raimonds Lazdins andis Ukraina suursaatkonna esindajale \u00fcle malaariavastased ravimid, mis toimetatakse edasi Ukrainasse. Ravimid on Eesti, L\u00e4ti ja Leedu \u00fchine \u017eest, mida rahastas Baltic Restaurants L\u00e4ti. \u00a0\u00a0<\/p>\n","protected":false},"excerpt":{"rendered":"Eesti, L\u00e4ti ja Leedu ol\u00fcmpiakomitee seisavad koos Ukraina Rahvusliku Ol\u00fcmpiakomiteega ausa ja reeglitep\u00f5hise m\u00e4ngu ning ol\u00fcmpialiikumise v\u00e4\u00e4rtuste eest&hellip;\n","protected":false},"author":2,"featured_media":235852,"comment_status":"","ping_status":"","sticky":false,"template":"","format":"standard","meta":{"footnotes":"","_share_on_mastodon":"0"},"categories":[18],"tags":[37,33,35,494,34,36,2377,159,158,90714],"class_list":["post-235851","post","type-post","status-publish","format-standard","has-post-thumbnail","category-sport","tag-ee","tag-eesti","tag-eesti-keel","tag-eesti-olumpiakomitee","tag-estonia","tag-estonian","tag-rok","tag-sport","tag-sports","tag-venemaa-olumpiakusimus"],"share_on_mastodon":{"url":"https:\/\/pubeurope.com\/@ee\/116975543648602024","error":""},"_links":{"self":[{"href":"https:\/\/www.europesays.com\/ee\/wp-json\/wp\/v2\/posts\/235851","targetHints":{"allow":["GET"]}}],"collection":[{"href":"https:\/\/www.europesays.com\/ee\/wp-json\/wp\/v2\/posts"}],"about":[{"href":"https:\/\/www.europesays.com\/ee\/wp-json\/wp\/v2\/types\/post"}],"author":[{"embeddable":true,"href":"https:\/\/www.europesays.com\/ee\/wp-json\/wp\/v2\/users\/2"}],"replies":[{"embeddable":true,"href":"https:\/\/www.europesays.com\/ee\/wp-json\/wp\/v2\/comments?post=235851"}],"version-history":[{"count":0,"href":"https:\/\/www.europesays.com\/ee\/wp-json\/wp\/v2\/posts\/235851\/revisions"}],"wp:featuredmedia":[{"embeddable":true,"href":"https:\/\/www.europesays.com\/ee\/wp-json\/wp\/v2\/media\/235852"}],"wp:attachment":[{"href":"https:\/\/www.europesays.com\/ee\/wp-json\/wp\/v2\/media?parent=235851"}],"wp:term":[{"taxonomy":"category","embeddable":true,"href":"https:\/\/www.europesays.com\/ee\/wp-json\/wp\/v2\/categories?post=235851"},{"taxonomy":"post_tag","embeddable":true,"href":"https:\/\/www.europesays.com\/ee\/wp-json\/wp\/v2\/tags?post=235851"}],"curies":[{"name":"wp","href":"https:\/\/api.w.org\/{rel}","templated":true}]}}