{"id":235892,"date":"2026-07-24T15:59:13","date_gmt":"2026-07-24T15:59:13","guid":{"rendered":"https:\/\/www.europesays.com\/ee\/235892\/"},"modified":"2026-07-24T15:59:13","modified_gmt":"2026-07-24T15:59:13","slug":"treenerikutse-omandanud-kelly-sildaru-see-ei-ole-tonisega-seotud-vaid-juba-pikalt-minu-enda-vaike-eesmark","status":"publish","type":"post","link":"https:\/\/www.europesays.com\/ee\/235892\/","title":{"rendered":"Treenerikutse omandanud Kelly Sildaru: see ei ole T\u00f5nisega seotud, vaid juba pikalt minu enda v\u00e4ike eesm\u00e4rk"},"content":{"rendered":"<p><img decoding=\"async\" src=\"https:\/\/www.europesays.com\/ee\/wp-content\/uploads\/2026\/07\/4885229d-fe63-4792-a46a-a31698215333.jpg\" loading=\"lazy\" alt=\"Kelly Sildaru omandas abitreeneri kutse ja tegi oma isa T\u00f5nisele, kel treeneripaberid puuduvad, silmad ette.\"\/><\/p>\n<p>Kelly Sildaru omandas abitreeneri kutse ja tegi oma isa T\u00f5nisele, kel treeneripaberid puuduvad, silmad ette.<\/p>\n<p>FOTO: Tiit Blaat| Delfi Meedia<\/p>\n<p>Treenerikutse omandanud vigursuusataja <a rel=\"noopener nofollow\" target=\"_blank\" href=\"https:\/\/www.delfi.ee\/teema\/64999054\/kelly-sildaru\" tag-id=\"64999054\">Kelly Sildaru<\/a> avaldas Delfile, et kolmanda kategooria ehk abitreeneri paberite tegemine on tal m\u00f5tteis m\u00f5lkunud juba aastaid. Kuna selle aasta kevad- ja suveperioodil oli vaba aega rohkem, sai koolitustel k\u00e4idud ja eksam edukalt sooritatud.<\/p>\n","protected":false},"excerpt":{"rendered":"Kelly Sildaru omandas abitreeneri kutse ja tegi oma isa T\u00f5nisele, kel treeneripaberid puuduvad, silmad ette. FOTO: Tiit Blaat|&hellip;\n","protected":false},"author":2,"featured_media":235893,"comment_status":"","ping_status":"","sticky":false,"template":"","format":"standard","meta":{"footnotes":"","_share_on_mastodon":"0"},"categories":[5],"tags":[26,27,37,33,35,34,36,31,32,18119,21,2720,28,29,17575,19,25,23,24,22,20,30],"class_list":["post-235892","post","type-post","status-publish","format-standard","has-post-thumbnail","category-uldised-uudised","tag-breaking-news","tag-breakingnews","tag-ee","tag-eesti","tag-eesti-keel","tag-estonia","tag-estonian","tag-featured-news","tag-featurednews","tag-freestyle-suusatamine","tag-headlines","tag-kelly-sildaru","tag-latest-news","tag-latestnews","tag-mihkel-ustav","tag-news","tag-populaarseimad-lood","tag-top-stories","tag-topstories","tag-uldised-uudised","tag-uudised","tag-viimased-uudised"],"share_on_mastodon":{"url":"https:\/\/pubeurope.com\/@ee\/116975787966022489","error":""},"_links":{"self":[{"href":"https:\/\/www.europesays.com\/ee\/wp-json\/wp\/v2\/posts\/235892","targetHints":{"allow":["GET"]}}],"collection":[{"href":"https:\/\/www.europesays.com\/ee\/wp-json\/wp\/v2\/posts"}],"about":[{"href":"https:\/\/www.europesays.com\/ee\/wp-json\/wp\/v2\/types\/post"}],"author":[{"embeddable":true,"href":"https:\/\/www.europesays.com\/ee\/wp-json\/wp\/v2\/users\/2"}],"replies":[{"embeddable":true,"href":"https:\/\/www.europesays.com\/ee\/wp-json\/wp\/v2\/comments?post=235892"}],"version-history":[{"count":0,"href":"https:\/\/www.europesays.com\/ee\/wp-json\/wp\/v2\/posts\/235892\/revisions"}],"wp:featuredmedia":[{"embeddable":true,"href":"https:\/\/www.europesays.com\/ee\/wp-json\/wp\/v2\/media\/235893"}],"wp:attachment":[{"href":"https:\/\/www.europesays.com\/ee\/wp-json\/wp\/v2\/media?parent=235892"}],"wp:term":[{"taxonomy":"category","embeddable":true,"href":"https:\/\/www.europesays.com\/ee\/wp-json\/wp\/v2\/categories?post=235892"},{"taxonomy":"post_tag","embeddable":true,"href":"https:\/\/www.europesays.com\/ee\/wp-json\/wp\/v2\/tags?post=235892"}],"curies":[{"name":"wp","href":"https:\/\/api.w.org\/{rel}","templated":true}]}}