{"id":235910,"date":"2026-07-24T16:22:09","date_gmt":"2026-07-24T16:22:09","guid":{"rendered":"https:\/\/www.europesays.com\/ee\/235910\/"},"modified":"2026-07-24T16:22:09","modified_gmt":"2026-07-24T16:22:09","slug":"keset-karpeajastut-saavad-kolm-kantslerit-150-000-euro-eest-istumise-alla-voimsad-ametiautod","status":"publish","type":"post","link":"https:\/\/www.europesays.com\/ee\/235910\/","title":{"rendered":"Keset k\u00e4rpeajastut saavad kolm kantslerit 150 000 euro eest istumise alla v\u00f5imsad ametiautod"},"content":{"rendered":"<p>\u201eHangitavad s\u00f5idukid on m\u00f5eldud ministeeriumite \u00fchishoones asuvate ministeeriumite kantslerite ametis\u00f5idukiteks. Neid kasutatakse ka asendusautodena ministritele, kui selleks tekib vajadus, mist\u00f5ttu on s\u00f5idukitele seatud m\u00f5nev\u00f5rra k\u00f5rgemad n\u00f5uded kui v\u00e4iksema klassi s\u00f5idukitele,\u201c s\u00f5nab <a rel=\"noopener nofollow\" target=\"_blank\" href=\"https:\/\/www.delfi.ee\/teema\/96853286\/rahandusministeerium-1\" tag-id=\"96853286\">rahandusministeeriumi<\/a> haldustalituse juhataja Tarmo Tallermaa. Hetkel on kantsleriteks Merike Saks (rahandusministeerium), Tiina Uudeberg (justiits- ja digiministeerium) ning Triin K\u00f5rgmaa (regionaal- ja p\u00f5llumajandusministeerium). Hanke eest vastutab rahandusministeerium.<\/p>\n<p>\u201eHanke eeldatav maksumus on 150 000 eurot. See h\u00f5lmab kolme s\u00f5iduki kasutusrenti viieks aastaks.\u201c<\/p>\n<p>Oled juba tellija?Logi sisse<\/p>\n<p><a href=\"https:\/\/www.delfi.ee\/artikkel\/120599502\/keset-karpeajastut-saavad-kolm-kantslerit-150-000-euro-eest-istumise-alla-voimsad-ametiautod\/kommentaarid\" class=\"article-body-bottom__comment article-body-bottom__comment--write button button--primary button--size-auto\" rel=\"nofollow noopener\" target=\"_blank\"> Kommenteeri <\/a><a href=\"https:\/\/www.delfi.ee\/artikkel\/120599502\/keset-karpeajastut-saavad-kolm-kantslerit-150-000-euro-eest-istumise-alla-voimsad-ametiautod\/kommentaarid\" class=\"article-body-bottom__comment article-body-bottom__comment--read button button--size-auto\" rel=\"nofollow noopener\" target=\"_blank\"> Loe kommentaare (46)<\/a><\/p>\n","protected":false},"excerpt":{"rendered":"\u201eHangitavad s\u00f5idukid on m\u00f5eldud ministeeriumite \u00fchishoones asuvate ministeeriumite kantslerite ametis\u00f5idukiteks. Neid kasutatakse ka asendusautodena ministritele, kui selleks tekib&hellip;\n","protected":false},"author":2,"featured_media":235911,"comment_status":"","ping_status":"","sticky":false,"template":"","format":"standard","meta":{"footnotes":"","_share_on_mastodon":"0"},"categories":[5],"tags":[26,27,37,33,35,34,36,31,32,21,646,28,29,19,25,1013,8013,23,24,22,20,30],"class_list":["post-235910","post","type-post","status-publish","format-standard","has-post-thumbnail","category-uldised-uudised","tag-breaking-news","tag-breakingnews","tag-ee","tag-eesti","tag-eesti-keel","tag-estonia","tag-estonian","tag-featured-news","tag-featurednews","tag-headlines","tag-kristen-michal","tag-latest-news","tag-latestnews","tag-news","tag-populaarseimad-lood","tag-rahandusministeerium","tag-riigihanked","tag-top-stories","tag-topstories","tag-uldised-uudised","tag-uudised","tag-viimased-uudised"],"share_on_mastodon":{"url":"https:\/\/pubeurope.com\/@ee\/116975877684117171","error":""},"_links":{"self":[{"href":"https:\/\/www.europesays.com\/ee\/wp-json\/wp\/v2\/posts\/235910","targetHints":{"allow":["GET"]}}],"collection":[{"href":"https:\/\/www.europesays.com\/ee\/wp-json\/wp\/v2\/posts"}],"about":[{"href":"https:\/\/www.europesays.com\/ee\/wp-json\/wp\/v2\/types\/post"}],"author":[{"embeddable":true,"href":"https:\/\/www.europesays.com\/ee\/wp-json\/wp\/v2\/users\/2"}],"replies":[{"embeddable":true,"href":"https:\/\/www.europesays.com\/ee\/wp-json\/wp\/v2\/comments?post=235910"}],"version-history":[{"count":0,"href":"https:\/\/www.europesays.com\/ee\/wp-json\/wp\/v2\/posts\/235910\/revisions"}],"wp:featuredmedia":[{"embeddable":true,"href":"https:\/\/www.europesays.com\/ee\/wp-json\/wp\/v2\/media\/235911"}],"wp:attachment":[{"href":"https:\/\/www.europesays.com\/ee\/wp-json\/wp\/v2\/media?parent=235910"}],"wp:term":[{"taxonomy":"category","embeddable":true,"href":"https:\/\/www.europesays.com\/ee\/wp-json\/wp\/v2\/categories?post=235910"},{"taxonomy":"post_tag","embeddable":true,"href":"https:\/\/www.europesays.com\/ee\/wp-json\/wp\/v2\/tags?post=235910"}],"curies":[{"name":"wp","href":"https:\/\/api.w.org\/{rel}","templated":true}]}}