{"id":235948,"date":"2026-07-24T17:17:20","date_gmt":"2026-07-24T17:17:20","guid":{"rendered":"https:\/\/www.europesays.com\/ee\/235948\/"},"modified":"2026-07-24T17:17:20","modified_gmt":"2026-07-24T17:17:20","slug":"isamaa-tegi-parnus-uue-voimuliidu-ettepaneku-keskerakond-ja-ekre-votsid-motlemisaja","status":"publish","type":"post","link":"https:\/\/www.europesays.com\/ee\/235948\/","title":{"rendered":"Isamaa tegi P\u00e4rnus uue v\u00f5imuliidu ettepaneku, Keskerakond ja EKRE v\u00f5tsid m\u00f5tlemisaja"},"content":{"rendered":"<p class=\"x_MsoNormal\">\u00abEile \u00f5htul arutasid Isamaa P\u00e4rnu volikogu fraktsioon ja teised osakonna aktiivsed liikmed poliitilist olukorda linnas. Nii nagu me oleme viimastel p\u00e4evadel lugenud meediast ja kuulnud ka eravestlustest praeguse koalitsiooni esindajatega, on v\u00f5imuliit end ammendanud. Juba kuid n\u00e4ha olnud m\u00f5rad koalitsioonis on muutunud osalisi lahutavateks kuristikeks,\u00bb kommenteeris fraktsiooni esimees Siim Suursild.<\/p>\n","protected":false},"excerpt":{"rendered":"\u00abEile \u00f5htul arutasid Isamaa P\u00e4rnu volikogu fraktsioon ja teised osakonna aktiivsed liikmed poliitilist olukorda linnas. Nii nagu me&hellip;\n","protected":false},"author":2,"featured_media":235949,"comment_status":"","ping_status":"","sticky":false,"template":"","format":"standard","meta":{"footnotes":"","_share_on_mastodon":"0"},"categories":[5],"tags":[346,345,342,26,27,37,33,35,34,36,31,32,21,344,360,343,339,28,29,349,19,341,354,357,351,352,355,356,348,336,350,337,353,25,159,338,340,347,23,24,358,22,359,20,30],"class_list":["post-235948","post","type-post","status-publish","format-standard","has-post-thumbnail","category-uldised-uudised","tag-ajakirjaniku-kontakt","tag-ajalehe-tellimine","tag-arhiiv","tag-breaking-news","tag-breakingnews","tag-ee","tag-eesti","tag-eesti-keel","tag-estonia","tag-estonian","tag-featured-news","tag-featurednews","tag-headlines","tag-kaastundeavaldus","tag-kesklinna-sild","tag-kuulutuse-lisamine","tag-kuulutused","tag-latest-news","tag-latestnews","tag-liiklusonnetus","tag-news","tag-paberleht","tag-parnu-haigla","tag-parnu-jahtklubi","tag-parnu-linn","tag-parnu-maakohus","tag-parnu-rand","tag-parnu-sadam","tag-parnu-uritused","tag-parnu-uudised","tag-parnumaa","tag-parnumaa-uudised","tag-politsei","tag-populaarseimad-lood","tag-sport","tag-suvepealinn","tag-tellimine","tag-toimetuse-kontakt","tag-top-stories","tag-topstories","tag-tulekahju","tag-uldised-uudised","tag-urituste-kava","tag-uudised","tag-viimased-uudised"],"share_on_mastodon":{"url":"","error":"Validation failed: Text character limit of 500 exceeded"},"_links":{"self":[{"href":"https:\/\/www.europesays.com\/ee\/wp-json\/wp\/v2\/posts\/235948","targetHints":{"allow":["GET"]}}],"collection":[{"href":"https:\/\/www.europesays.com\/ee\/wp-json\/wp\/v2\/posts"}],"about":[{"href":"https:\/\/www.europesays.com\/ee\/wp-json\/wp\/v2\/types\/post"}],"author":[{"embeddable":true,"href":"https:\/\/www.europesays.com\/ee\/wp-json\/wp\/v2\/users\/2"}],"replies":[{"embeddable":true,"href":"https:\/\/www.europesays.com\/ee\/wp-json\/wp\/v2\/comments?post=235948"}],"version-history":[{"count":0,"href":"https:\/\/www.europesays.com\/ee\/wp-json\/wp\/v2\/posts\/235948\/revisions"}],"wp:featuredmedia":[{"embeddable":true,"href":"https:\/\/www.europesays.com\/ee\/wp-json\/wp\/v2\/media\/235949"}],"wp:attachment":[{"href":"https:\/\/www.europesays.com\/ee\/wp-json\/wp\/v2\/media?parent=235948"}],"wp:term":[{"taxonomy":"category","embeddable":true,"href":"https:\/\/www.europesays.com\/ee\/wp-json\/wp\/v2\/categories?post=235948"},{"taxonomy":"post_tag","embeddable":true,"href":"https:\/\/www.europesays.com\/ee\/wp-json\/wp\/v2\/tags?post=235948"}],"curies":[{"name":"wp","href":"https:\/\/api.w.org\/{rel}","templated":true}]}}