{"id":235964,"date":"2026-07-24T17:46:07","date_gmt":"2026-07-24T17:46:07","guid":{"rendered":"https:\/\/www.europesays.com\/ee\/235964\/"},"modified":"2026-07-24T17:46:07","modified_gmt":"2026-07-24T17:46:07","slug":"lebron-james-solmis-lepingu-philadelphia-76ersiga-kui-hooaeg-loppes-arvasin-et-minu-karjaar-on-labi-2","status":"publish","type":"post","link":"https:\/\/www.europesays.com\/ee\/235964\/","title":{"rendered":"LeBron James s\u00f5lmis lepingu Philadelphia 76ersiga. \u201eKui hooaeg l\u00f5ppes, arvasin, et minu karj\u00e4\u00e4r on l\u00e4bi\u201c"},"content":{"rendered":"<p>Tunnustatud ESPN-i ajakirjaniku Shams Charania info kohaselt s\u00f5lmib James Philadelphia klubiga kaheaastase <a rel=\"noopener nofollow\" target=\"_blank\" href=\"https:\/\/www.delfi.ee\/teema\/31122425\/leping\" tag-id=\"31122425\">lepingu<\/a>, mis on v\u00e4\u00e4rt kaheksa miljonit dollarit. Uues klubis alustab 41-aastane korvpallilegend juba oma karj\u00e4\u00e4ri 24. <a rel=\"noopener nofollow\" target=\"_blank\" href=\"https:\/\/www.delfi.ee\/teema\/37589449\/nba\" tag-id=\"37589449\">NBA<\/a> hooaega.<\/p>\n<p>Lepingus on v\u00e4idetavalt klausel, mis lubab Jamesil \u00fche hooaja m\u00f6\u00f6dudes klubist lahkuda. Philadelphias ootavad teda tuntuimatest m\u00e4ngijatest ees Joel Embiid, Tyrese Maxey ja Jaylen Brown.<\/p>\n<p>Lisaks Philadelphia 76ersile seostati Jamesi enne lepingu s\u00f5lmimist Golden State Warriorsi ning oma endiste koduklubide Miami Heati ja Cleveland Cavaliersiga.<\/p>\n<p>\u201eKui hooaeg l\u00f5ppes, arvasin, et minu karj\u00e4\u00e4r on l\u00e4bi,\u201c kirjutas James X-is. \u201eMa polnud lihtsalt veel valmis seda v\u00e4lja \u00fctlema, sest vajasin aega, et k\u00f5ik enda jaoks l\u00e4bi m\u00f5elda. Olin hooaja viimase m\u00e4ngu j\u00e4rel veendunud, et see v\u00f5is j\u00e4\u00e4da minu viimaseks.<\/p>\n<p>Ka hooaja l\u00f5pu pressikonverentsil \u00fctlesin ausalt, et pean endalt k\u00fcsima, kas armastan seda m\u00e4ngu endiselt. N\u00fc\u00fcd tean vastust &#8211; armastan k\u00fcll. Ja tunnen, et mul on sellele m\u00e4ngule veel palju anda.<\/p>\n<p>Viimased n\u00e4dalad on olnud minu jaoks erakordsed. Mul pole kunagi olnud v\u00f5imalust v\u00f5tta aega m\u00f5tlemiseks. Sain lihtsalt olla, m\u00f5elda ja r\u00e4\u00e4kida sellest k\u00f5igest inimestega, kes mulle k\u00f5ige rohkem t\u00e4hendavad. Just nende kuude jooksul j\u00f5udsingi l\u00f5pliku otsuseni.<\/p>\n<p>See on minu viimane otsus. See otsus ei s\u00fcndinud raha p\u00e4rast ega ka perekondlikel p\u00f5hjustel. Pidin endalt ausalt k\u00fcsima, miks ma \u00fcldse veel m\u00e4ngida tahan. Mille p\u00e4rast ma tegelikult praegu m\u00e4ngin?<\/p>\n<p>Ma tahan endiselt ohverdada. Ma tahan endiselt t\u00f6\u00f6d teha. Ma tahan endiselt v\u00f5istelda, v\u00f5ita ja saada veel \u00fche v\u00f5imaluse kogeda tunnet, mis kaasneb j\u00e4rjekordse meistritiitli v\u00f5itmisega.<\/p>\n<p>Usun, et suudan aidata Philadelphia 76ersi NBA meistriks. Ootan p\u00f5nevusega v\u00f5imalust anda energiat uuele f\u00e4nnibaasile ning alustada seda uskumatut teekonda veel viimast korda.<\/p>\n<p>Ait\u00e4h, Los Angeles! J\u00e4\u00e4n Miamit armastama igavesti ning Kirde-Ohio on ja j\u00e4\u00e4b alati minu koduks!\u201c<\/p>\n<p>Eelmisel hooajal viskas James <a rel=\"noopener nofollow\" target=\"_blank\" href=\"https:\/\/www.delfi.ee\/teema\/56497520\/los-angeles-lakers\" tag-id=\"56497520\">Los Angeles Lakersi<\/a> s\u00e4rgis keskmiselt m\u00e4ngu kohta 24,4 punkti, korjas 7,8 lauapalli ja andis 8,2 resultatiivset s\u00f6\u00f6tu. Lakersit esindas James alates 2018. aastast. Enne seda kuulus ta Cleveland Cavaliersi ja Miami Heati hingekirja.<\/p>\n<p>Philadelphia l\u00f5petas m\u00f6\u00f6dunud hooajal idakonverentsis p\u00f5hihooaja seitsmendal kohal. Play-off\u00b4is j\u00f5uti v\u00e4lja idakonverentsi poolfinaali, kus j\u00e4\u00e4di m\u00e4ngudega 0:4 alla New York Knicksile.<\/p>\n<p>James on NBA rekordimees muu hulgas nii visatud punktide arvestuses (43 440) kui peetud m\u00e4ngude osas (1622). James on v\u00f5itnud neli NBA meistritiitlit ja valitud neljal korral liiga k\u00f5ige v\u00e4\u00e4rtuslikumaks m\u00e4ngijaks ehk MVP-ks.<\/p>\n<p>Kuidas see lugu Sind end tundma pani? Saada <a href=\"https:\/\/sport.delfi.ee\/a\/120599520\/lebron-james-solmis-lepingu-philadelphia-76ersiga\/kommentaarid\" class=\"article-body-bottom__comment article-body-bottom__comment--write button button--primary button--size-auto\" rel=\"nofollow noopener\" target=\"_blank\"> Kommenteeri <\/a><a href=\"https:\/\/sport.delfi.ee\/a\/120599520\/lebron-james-solmis-lepingu-philadelphia-76ersiga\/kommentaarid\" class=\"article-body-bottom__comment article-body-bottom__comment--read button button--size-auto\" rel=\"nofollow noopener\" target=\"_blank\"> Loe kommentaare (3)<\/a><\/p>\n","protected":false},"excerpt":{"rendered":"Tunnustatud ESPN-i ajakirjaniku Shams Charania info kohaselt s\u00f5lmib James Philadelphia klubiga kaheaastase lepingu, mis on v\u00e4\u00e4rt kaheksa miljonit&hellip;\n","protected":false},"author":2,"featured_media":235945,"comment_status":"","ping_status":"","sticky":false,"template":"","format":"standard","meta":{"footnotes":"","_share_on_mastodon":"0"},"categories":[18],"tags":[37,33,35,34,36,1513,7833,16259,7834,4391,12738,159,158],"class_list":["post-235964","post","type-post","status-publish","format-standard","has-post-thumbnail","category-sport","tag-ee","tag-eesti","tag-eesti-keel","tag-estonia","tag-estonian","tag-korvpall","tag-lebron-james","tag-leping","tag-los-angeles-lakers","tag-nba","tag-philadelphia-76ers","tag-sport","tag-sports"],"share_on_mastodon":{"url":"https:\/\/pubeurope.com\/@ee\/116976208024714038","error":""},"_links":{"self":[{"href":"https:\/\/www.europesays.com\/ee\/wp-json\/wp\/v2\/posts\/235964","targetHints":{"allow":["GET"]}}],"collection":[{"href":"https:\/\/www.europesays.com\/ee\/wp-json\/wp\/v2\/posts"}],"about":[{"href":"https:\/\/www.europesays.com\/ee\/wp-json\/wp\/v2\/types\/post"}],"author":[{"embeddable":true,"href":"https:\/\/www.europesays.com\/ee\/wp-json\/wp\/v2\/users\/2"}],"replies":[{"embeddable":true,"href":"https:\/\/www.europesays.com\/ee\/wp-json\/wp\/v2\/comments?post=235964"}],"version-history":[{"count":0,"href":"https:\/\/www.europesays.com\/ee\/wp-json\/wp\/v2\/posts\/235964\/revisions"}],"wp:featuredmedia":[{"embeddable":true,"href":"https:\/\/www.europesays.com\/ee\/wp-json\/wp\/v2\/media\/235945"}],"wp:attachment":[{"href":"https:\/\/www.europesays.com\/ee\/wp-json\/wp\/v2\/media?parent=235964"}],"wp:term":[{"taxonomy":"category","embeddable":true,"href":"https:\/\/www.europesays.com\/ee\/wp-json\/wp\/v2\/categories?post=235964"},{"taxonomy":"post_tag","embeddable":true,"href":"https:\/\/www.europesays.com\/ee\/wp-json\/wp\/v2\/tags?post=235964"}],"curies":[{"name":"wp","href":"https:\/\/api.w.org\/{rel}","templated":true}]}}