{"id":235972,"date":"2026-07-24T18:01:18","date_gmt":"2026-07-24T18:01:18","guid":{"rendered":"https:\/\/www.europesays.com\/ee\/235972\/"},"modified":"2026-07-24T18:01:18","modified_gmt":"2026-07-24T18:01:18","slug":"nadalavahetusel-ootavad-kulla-ule-300-eesti-talu","status":"publish","type":"post","link":"https:\/\/www.europesays.com\/ee\/235972\/","title":{"rendered":"N\u00e4dalavahetusel ootavad k\u00fclla \u00fcle 300 Eesti talu"},"content":{"rendered":"<p>Laup\u00e4ev on suvise suurs\u00fcndmuse, avatud talude p\u00e4eva p\u00f5hip\u00e4ev, mil k\u00fclastajatele avavad uksed enam kui 300 p\u00f5llumajandusettev\u00f5tet \u00fcle Eesti. Meie maakonnas on v\u00f5imalus k\u00fclastada paarik\u00fcmmet talupidamist.<\/p>\n<p class=\"x_MsoNormal\">Avatud talude p\u00e4evad kuuluvad Eesti populaarseimate suviste kogupere\u00fcrituste hulka ning neid k\u00fclastatakse igal aastal enam kui 200 000 korda.<\/p>\n","protected":false},"excerpt":{"rendered":"Laup\u00e4ev on suvise suurs\u00fcndmuse, avatud talude p\u00e4eva p\u00f5hip\u00e4ev, mil k\u00fclastajatele avavad uksed enam kui 300 p\u00f5llumajandusettev\u00f5tet \u00fcle Eesti.&hellip;\n","protected":false},"author":2,"featured_media":235973,"comment_status":"","ping_status":"","sticky":false,"template":"","format":"standard","meta":{"footnotes":"","_share_on_mastodon":"0"},"categories":[5],"tags":[22940,26,27,37,33,35,94027,34,36,31,32,21,6950,28,29,426,30257,94028,19,3424,56557,25,94029,89169,93139,23,24,22,20,30],"class_list":["post-235972","post","type-post","status-publish","format-standard","has-post-thumbnail","category-uldised-uudised","tag-avatud-talude-paev","tag-breaking-news","tag-breakingnews","tag-ee","tag-eesti","tag-eesti-keel","tag-eesti-toidujulgeolek","tag-estonia","tag-estonian","tag-featured-news","tag-featurednews","tag-headlines","tag-hendrik-johannes-terras","tag-latest-news","tag-latestnews","tag-maaelu","tag-maaelu-teadmuskeskus","tag-maaeluvorgustik","tag-news","tag-pollumajandus","tag-pollumajandusettevote","tag-populaarseimad-lood","tag-reve-lambur","tag-talupidamine","tag-taluturism","tag-top-stories","tag-topstories","tag-uldised-uudised","tag-uudised","tag-viimased-uudised"],"share_on_mastodon":{"url":"https:\/\/pubeurope.com\/@ee\/116976267068365374","error":""},"_links":{"self":[{"href":"https:\/\/www.europesays.com\/ee\/wp-json\/wp\/v2\/posts\/235972","targetHints":{"allow":["GET"]}}],"collection":[{"href":"https:\/\/www.europesays.com\/ee\/wp-json\/wp\/v2\/posts"}],"about":[{"href":"https:\/\/www.europesays.com\/ee\/wp-json\/wp\/v2\/types\/post"}],"author":[{"embeddable":true,"href":"https:\/\/www.europesays.com\/ee\/wp-json\/wp\/v2\/users\/2"}],"replies":[{"embeddable":true,"href":"https:\/\/www.europesays.com\/ee\/wp-json\/wp\/v2\/comments?post=235972"}],"version-history":[{"count":0,"href":"https:\/\/www.europesays.com\/ee\/wp-json\/wp\/v2\/posts\/235972\/revisions"}],"wp:featuredmedia":[{"embeddable":true,"href":"https:\/\/www.europesays.com\/ee\/wp-json\/wp\/v2\/media\/235973"}],"wp:attachment":[{"href":"https:\/\/www.europesays.com\/ee\/wp-json\/wp\/v2\/media?parent=235972"}],"wp:term":[{"taxonomy":"category","embeddable":true,"href":"https:\/\/www.europesays.com\/ee\/wp-json\/wp\/v2\/categories?post=235972"},{"taxonomy":"post_tag","embeddable":true,"href":"https:\/\/www.europesays.com\/ee\/wp-json\/wp\/v2\/tags?post=235972"}],"curies":[{"name":"wp","href":"https:\/\/api.w.org\/{rel}","templated":true}]}}