{"id":235983,"date":"2026-07-24T18:19:16","date_gmt":"2026-07-24T18:19:16","guid":{"rendered":"https:\/\/www.europesays.com\/ee\/235983\/"},"modified":"2026-07-24T18:19:16","modified_gmt":"2026-07-24T18:19:16","slug":"karjaari-lopetamist-kaalunud-lebron-james-solmis-lepingu-philadelphiaga-korvpall","status":"publish","type":"post","link":"https:\/\/www.europesays.com\/ee\/235983\/","title":{"rendered":"Karj\u00e4\u00e4ri l\u00f5petamist kaalunud LeBron James s\u00f5lmis lepingu Philadelphiaga | Korvpall"},"content":{"rendered":"<p>Korvpallit\u00e4ht LeBron James teatas reedel, et on oma viienda NBA meistris\u00f5rmuse jahil s\u00f5lminud Philadelphia 76ersiga kahe aasta pikkuse lepingu.<\/p>\n<p>Eelmised kaheksa hooaega Los Angeles Lakersis m\u00e4nginud 41-aastase Jamesi s\u00f5nul kaalus ta suvel t\u00f5siselt karj\u00e4\u00e4ri l\u00f5petamist, ent otsustas l\u00f5puks siiski 76ersiga k\u00e4ed l\u00fc\u00fca. Kahe aasta pikkune leping toob talle sisse kaheksa miljonit dollarit.<\/p>\n<p>&#8220;Kui hooaeg l\u00f5ppes, arvasin, et mu karj\u00e4\u00e4r on l\u00e4bi,&#8221; s\u00f5nas James reedel sotsiaalmeedia vahendusel. &#8220;Ma ei olnud valmis seda teatama, teadsin, et mul on otsustamiseks aega vaja, aga olin \u00fcsna kindel, et olin m\u00e4nginud oma viimase m\u00e4ngu.&#8221;<\/p>\n<p>&#8220;Armastan seda m\u00e4ngu t\u00f5eliselt ja mul on veel midagi anda. Ma ei tee seda raha ega oma perekonna p\u00e4rast: mille nimel ma veel korvpalli m\u00e4ngin? Tahan ikka veel t\u00f6\u00f6tada, vaeva n\u00e4ha, tahan ikka veel end ohverdada, tahan v\u00f5istelda, v\u00f5ita ja tunda, et mul on v\u00f5imalus v\u00f5ita,&#8221; j\u00e4tkas James.<\/p>\n<p>&#8220;Usun, et suudan aidata Philadelphia 76ersil tiitli nimel v\u00f5idelda ja olen v\u00e4ga elevil, et seda imelist teekonda veel viimast korda alustada,&#8221; l\u00f5petas ta postituse. James on neljakordne NBA meister (2012, 2013, 2016, 2020), 76ers on tiitli v\u00f5itnud kolmel korral, aga viimati 1983. aastal.<\/p>\n<p>ESPN kirjutab, et 76ers tegi Jamesi palkamisel kulisside taga k\u00f5va t\u00f6\u00f6d. Meeskonna korvpallioperatsioonide president Mike Gansey, kes oli Jamesi sealoleku ajal t\u00f6\u00f6l Cleveland Cavaliersi juhatuses, oli Jamesi agendi Rich Pauliga pidevalt suhtluses, lisaks meelitasid korvpallilegendi v\u00f5istkonda selle staarid Tyrese Maxey, Joel Embiid ning uueks hooajaks Boston Celticsist toodud Jaylen Brown.<\/p>\n<p>Eelmisel hooajal teenis 76ers p\u00f5hihooajal 45 v\u00f5itu ja kaotas idakonverentsi poolfinaalis hilisemale meistrile New York Knicksile m\u00e4ngudega null-neli. Vaatamata sellele, et James t\u00e4histab aasta l\u00f5pus 42. s\u00fcnnip\u00e4eva, kuulub ta j\u00e4tkuvalt NBA tippu: Lakersi eest k\u00e4is ta eelmisel hooajal v\u00e4ljakul 60 kohtumises ning teenis m\u00e4nguaega keskmiselt 33,2 minutit. Selle ajaga j\u00e4i tema arvele 20,9 punkti, 7,2 resultatiivset s\u00f6\u00f6tu ja 6,1 lauapalli m\u00e4ngu kohta.<\/p>\n","protected":false},"excerpt":{"rendered":"Korvpallit\u00e4ht LeBron James teatas reedel, et on oma viienda NBA meistris\u00f5rmuse jahil s\u00f5lminud Philadelphia 76ersiga kahe aasta pikkuse&hellip;\n","protected":false},"author":2,"featured_media":235984,"comment_status":"","ping_status":"","sticky":false,"template":"","format":"standard","meta":{"footnotes":"","_share_on_mastodon":"0"},"categories":[18],"tags":[37,33,35,34,36,7833,4391,12738,159,158],"class_list":["post-235983","post","type-post","status-publish","format-standard","has-post-thumbnail","category-sport","tag-ee","tag-eesti","tag-eesti-keel","tag-estonia","tag-estonian","tag-lebron-james","tag-nba","tag-philadelphia-76ers","tag-sport","tag-sports"],"share_on_mastodon":{"url":"https:\/\/pubeurope.com\/@ee\/116976338058009193","error":""},"_links":{"self":[{"href":"https:\/\/www.europesays.com\/ee\/wp-json\/wp\/v2\/posts\/235983","targetHints":{"allow":["GET"]}}],"collection":[{"href":"https:\/\/www.europesays.com\/ee\/wp-json\/wp\/v2\/posts"}],"about":[{"href":"https:\/\/www.europesays.com\/ee\/wp-json\/wp\/v2\/types\/post"}],"author":[{"embeddable":true,"href":"https:\/\/www.europesays.com\/ee\/wp-json\/wp\/v2\/users\/2"}],"replies":[{"embeddable":true,"href":"https:\/\/www.europesays.com\/ee\/wp-json\/wp\/v2\/comments?post=235983"}],"version-history":[{"count":0,"href":"https:\/\/www.europesays.com\/ee\/wp-json\/wp\/v2\/posts\/235983\/revisions"}],"wp:featuredmedia":[{"embeddable":true,"href":"https:\/\/www.europesays.com\/ee\/wp-json\/wp\/v2\/media\/235984"}],"wp:attachment":[{"href":"https:\/\/www.europesays.com\/ee\/wp-json\/wp\/v2\/media?parent=235983"}],"wp:term":[{"taxonomy":"category","embeddable":true,"href":"https:\/\/www.europesays.com\/ee\/wp-json\/wp\/v2\/categories?post=235983"},{"taxonomy":"post_tag","embeddable":true,"href":"https:\/\/www.europesays.com\/ee\/wp-json\/wp\/v2\/tags?post=235983"}],"curies":[{"name":"wp","href":"https:\/\/api.w.org\/{rel}","templated":true}]}}