{"id":235994,"date":"2026-07-24T18:34:09","date_gmt":"2026-07-24T18:34:09","guid":{"rendered":"https:\/\/www.europesays.com\/ee\/235994\/"},"modified":"2026-07-24T18:34:09","modified_gmt":"2026-07-24T18:34:09","slug":"aron-see-oli-mu-senise-karjaari-koige-raskem-vabatreening-vormelisport","status":"publish","type":"post","link":"https:\/\/www.europesays.com\/ee\/235994\/","title":{"rendered":"Aron: see oli mu senise karj\u00e4\u00e4ri k\u00f5ige raskem vabatreening | Vormelisport"},"content":{"rendered":"<p>Eesti vormelis\u00f5itja Paul Aron l\u00f5i reedel kaasa vormel-1 sarja Ungari GP vabatreeningul, kui sai Alpine&#8217;i roolis 19. koha.<\/p>\n<p>22-aastane Aron sai oma karj\u00e4\u00e4ri kaheksandal treeningsessioonil parimaks ajaks kirja 1.22,168. Parimat minekut n\u00e4itas Ferrari piloot Charles Leclerc, kelle ajaks j\u00e4i 1.19,075. Aron kaotas talle 3,093 sekundiga.<\/p>\n<p>&#8220;T\u00e4nane vabatreening oli mu senise karj\u00e4\u00e4ri k\u00f5ige raskem. Rajaolud olid v\u00e4ga-v\u00e4ga keerulised,&#8221; kommenteeris Aron reede \u00f5htul <a href=\"https:\/\/sport.delfi.ee\/artikkel\/120599524\/intervjuu-ungari-rasketes-oludes-toime-tulnud-paul-aron-ulejaanud-nadalavahetus-on-kahjuks-sama-igav-nagu-alati\" target=\"_blank\" rel=\"noopener nofollow\">Delfi Spordile<\/a>. &#8220;K\u00f5igil oli v\u00e4ga palju vigu. Ma ei tundnud end autoga v\u00e4ga mugavalt,&#8221; lisas eestlane, kelle s\u00f5nul j\u00e4i ta sessiooniga l\u00f5ppkokkuv\u00f5ttes siiski rahule.<\/p>\n<p>&#8220;\u00dclej\u00e4\u00e4nud n\u00e4dalavahetus on kahjuks sama igav nagu alati,&#8221; naeris Aron. &#8220;P\u00e4rast vabatrenni andsin tiimile tagasisidet, seej\u00e4rel vaatasin teist vabatrenni ja n\u00fc\u00fcd on t\u00e4nasega mu p\u00e4ev l\u00e4bi. Homme olen j\u00e4lle raja \u00e4\u00e4res, et k\u00f5ike pealt kuulata ja valmis olla, et kui midagi peaks juhtuma, saaksin autosse h\u00fcpata.&#8221;<\/p>\n<p>Aronile ja Alpine&#8217;ile oli see hooaja esimeseks kohustuslikuks noors\u00f5itja vabatreeninguks, kirja peab neid saama v\u00e4hemalt kolm. Aron r\u00e4\u00e4kis Delfile, et j\u00e4rgmine v\u00f5imalus on peatselt tulemas. &#8220;Millal ja kus, peab tiim avalikustama, aga kindlasti see v\u00f5imalus tuleb. Omalt pool olen ma v\u00e4ga suure ootusega valmis, et autosse tagasi h\u00fcpata,&#8221; lisas ta.<\/p>\n<p>Teisel vabatreeningul olid kiireimad Ferrarid, kui Lewis Hamilton s\u00f5itis v\u00e4lja 1.18,729 ning Leclerc kaotas talle 0,148 sekundiga. Teised s\u00f5itjad j\u00e4id seitsmekordsest maailmameistrist juba poole sekundi ja enama kaugusele. Ungari GP p\u00f5his\u00f5it algab p\u00fchap\u00e4eval kell 16.<\/p>\n","protected":false},"excerpt":{"rendered":"Eesti vormelis\u00f5itja Paul Aron l\u00f5i reedel kaasa vormel-1 sarja Ungari GP vabatreeningul, kui sai Alpine&#8217;i roolis 19. koha.&hellip;\n","protected":false},"author":2,"featured_media":235995,"comment_status":"","ping_status":"","sticky":false,"template":"","format":"standard","meta":{"footnotes":"","_share_on_mastodon":"0"},"categories":[5],"tags":[26,27,37,33,35,34,36,31,32,21,28,29,19,1163,25,23,24,22,20,30,4487,29372],"class_list":["post-235994","post","type-post","status-publish","format-standard","has-post-thumbnail","category-uldised-uudised","tag-breaking-news","tag-breakingnews","tag-ee","tag-eesti","tag-eesti-keel","tag-estonia","tag-estonian","tag-featured-news","tag-featurednews","tag-headlines","tag-latest-news","tag-latestnews","tag-news","tag-paul-aron","tag-populaarseimad-lood","tag-top-stories","tag-topstories","tag-uldised-uudised","tag-uudised","tag-viimased-uudised","tag-vormel-1","tag-vormel-1-2026"],"share_on_mastodon":{"url":"https:\/\/pubeurope.com\/@ee\/116976396963825166","error":""},"_links":{"self":[{"href":"https:\/\/www.europesays.com\/ee\/wp-json\/wp\/v2\/posts\/235994","targetHints":{"allow":["GET"]}}],"collection":[{"href":"https:\/\/www.europesays.com\/ee\/wp-json\/wp\/v2\/posts"}],"about":[{"href":"https:\/\/www.europesays.com\/ee\/wp-json\/wp\/v2\/types\/post"}],"author":[{"embeddable":true,"href":"https:\/\/www.europesays.com\/ee\/wp-json\/wp\/v2\/users\/2"}],"replies":[{"embeddable":true,"href":"https:\/\/www.europesays.com\/ee\/wp-json\/wp\/v2\/comments?post=235994"}],"version-history":[{"count":0,"href":"https:\/\/www.europesays.com\/ee\/wp-json\/wp\/v2\/posts\/235994\/revisions"}],"wp:featuredmedia":[{"embeddable":true,"href":"https:\/\/www.europesays.com\/ee\/wp-json\/wp\/v2\/media\/235995"}],"wp:attachment":[{"href":"https:\/\/www.europesays.com\/ee\/wp-json\/wp\/v2\/media?parent=235994"}],"wp:term":[{"taxonomy":"category","embeddable":true,"href":"https:\/\/www.europesays.com\/ee\/wp-json\/wp\/v2\/categories?post=235994"},{"taxonomy":"post_tag","embeddable":true,"href":"https:\/\/www.europesays.com\/ee\/wp-json\/wp\/v2\/tags?post=235994"}],"curies":[{"name":"wp","href":"https:\/\/api.w.org\/{rel}","templated":true}]}}