{"id":235998,"date":"2026-07-24T18:41:09","date_gmt":"2026-07-24T18:41:09","guid":{"rendered":"https:\/\/www.europesays.com\/ee\/235998\/"},"modified":"2026-07-24T18:41:09","modified_gmt":"2026-07-24T18:41:09","slug":"millegi-suure-algus-patrik-kristal-kaasati-kolni-esindusvoistkonna-koosseisu","status":"publish","type":"post","link":"https:\/\/www.europesays.com\/ee\/235998\/","title":{"rendered":"Millegi suure algus? Patrik Kristal kaasati K\u00f6lni esindusv\u00f5istkonna koosseisu"},"content":{"rendered":"<p>2025. aasta alguses K\u00f6lniga liitunud Kristali esimesed poolteist aastat v\u00e4lismaal pole kulgenud lepase reega, kuna enne t\u00e4navust suve ei kutsutud eestlast mitte kordagi isegi mitte klubi esindusv\u00f5istkonna treeningutele. Selle asemel m\u00e4ngis ja treenis Kristal K\u00f6lni duubelv\u00f5istkonnas, mis kuulub Saksamaa tugevuselt neljandasse liigasse.<\/p>\n<p>N\u00e4dala eest kirjutas Saksamaa portaal Kicker, et Kristali vastu tunnevad huvi Taani k\u00f5rgliigas m\u00e4ngivad Viborg FF ning Lyngby BK. V\u00e4idetavalt sooviti eestlast tuua enda juurde laenule. V\u00e4hemalt kohe pole Kristal Taani laenule siirdumas, kuna uue hooaja eel on noor eestlane kaasatud K\u00f6lni esindustiimi ettevalmistusplaanidesse. <\/p>\n<p>Selle n\u00e4dala neljap\u00e4eval sai Kristal K\u00f6lni p\u00f5hitiimi s\u00e4rgis esmakordselt kontrollm\u00e4ngus v\u00e4ljakule. Kristal sekkus 8:0 v\u00f5idum\u00e4ngus Saksamaa viienda liiga klubi SV Bergisch Gladbach 09-ga platsile teiseks poolajaks ning sai 80. minutil kirja ka v\u00e4ravas\u00f6\u00f6du.<\/p>\n<p>Reedel avalikustas K\u00f6ln m\u00e4ngijate nimekirja, kes on kaasatud 24.-31. juulini Austrias Kitzb\u00fchelis toimuva esindusmeeskonna hooajaeelse treeninglaagri koosseisu. 31 m\u00e4ngijast koosnevasse valikusse kuulub ka Kristal.<\/p>\n<p>K\u00f6ln peab treeninglaagri viimasel p\u00e4eval, 31. juulil kontrollm\u00e4ngu Beriini Herthaga. Kaheksa p\u00e4eva hiljem minnakse vastamisi Hispaania klubi Real Sociedadiga.<\/p>\n<p>Uut hooaeg alustab K\u00f6lni esindusv\u00f5istkond 24. augustil, kui karikam\u00e4ngus minnakse vastamisi kolmanda liiga klubi Wurzburger Kickersiga. K\u00f6lni Saksamaa k\u00f5rgliiga avavooru kohtumine Hoffenheimi vastu on kavas viis p\u00e4eva hiljem.<\/p>\n<p>Kuidas see lugu Sind end tundma pani? Saada <a href=\"https:\/\/sport.delfi.ee\/artikkel\/120599528\/millegi-suure-algus-patrik-kristal-alustab-hooajaks-ettevalmistust-kolni-esindusvoistkonna-koosseisus\/kommentaarid\" class=\"article-body-bottom__comment article-body-bottom__comment--write button button--primary button--size-auto\" rel=\"nofollow noopener\" target=\"_blank\"> Kommenteeri <\/a><a href=\"https:\/\/sport.delfi.ee\/artikkel\/120599528\/millegi-suure-algus-patrik-kristal-alustab-hooajaks-ettevalmistust-kolni-esindusvoistkonna-koosseisus\/kommentaarid\" class=\"article-body-bottom__comment article-body-bottom__comment--read button button--size-auto\" rel=\"nofollow noopener\" target=\"_blank\"> Loe kommentaare <\/a><\/p>\n","protected":false},"excerpt":{"rendered":"2025. aasta alguses K\u00f6lniga liitunud Kristali esimesed poolteist aastat v\u00e4lismaal pole kulgenud lepase reega, kuna enne t\u00e4navust suve&hellip;\n","protected":false},"author":2,"featured_media":235999,"comment_status":"","ping_status":"","sticky":false,"template":"","format":"standard","meta":{"footnotes":"","_share_on_mastodon":"0"},"categories":[18],"tags":[527,37,33,5456,35,34,36,1158,921,159,158],"class_list":["post-235998","post","type-post","status-publish","format-standard","has-post-thumbnail","category-sport","tag-bundesliga","tag-ee","tag-eesti","tag-eesti-jalgpallikoondis","tag-eesti-keel","tag-estonia","tag-estonian","tag-fc-koln","tag-patrik-kristal","tag-sport","tag-sports"],"share_on_mastodon":{"url":"https:\/\/pubeurope.com\/@ee\/116976424525988933","error":""},"_links":{"self":[{"href":"https:\/\/www.europesays.com\/ee\/wp-json\/wp\/v2\/posts\/235998","targetHints":{"allow":["GET"]}}],"collection":[{"href":"https:\/\/www.europesays.com\/ee\/wp-json\/wp\/v2\/posts"}],"about":[{"href":"https:\/\/www.europesays.com\/ee\/wp-json\/wp\/v2\/types\/post"}],"author":[{"embeddable":true,"href":"https:\/\/www.europesays.com\/ee\/wp-json\/wp\/v2\/users\/2"}],"replies":[{"embeddable":true,"href":"https:\/\/www.europesays.com\/ee\/wp-json\/wp\/v2\/comments?post=235998"}],"version-history":[{"count":0,"href":"https:\/\/www.europesays.com\/ee\/wp-json\/wp\/v2\/posts\/235998\/revisions"}],"wp:featuredmedia":[{"embeddable":true,"href":"https:\/\/www.europesays.com\/ee\/wp-json\/wp\/v2\/media\/235999"}],"wp:attachment":[{"href":"https:\/\/www.europesays.com\/ee\/wp-json\/wp\/v2\/media?parent=235998"}],"wp:term":[{"taxonomy":"category","embeddable":true,"href":"https:\/\/www.europesays.com\/ee\/wp-json\/wp\/v2\/categories?post=235998"},{"taxonomy":"post_tag","embeddable":true,"href":"https:\/\/www.europesays.com\/ee\/wp-json\/wp\/v2\/tags?post=235998"}],"curies":[{"name":"wp","href":"https:\/\/api.w.org\/{rel}","templated":true}]}}